{"id":11143,"date":"2025-09-22T21:59:19","date_gmt":"2025-09-22T20:59:19","guid":{"rendered":"https:\/\/informacionlocal.es\/fuerteventura-celebra-el-acto-religioso-principal-en-honor-a-nuestra-senora-de-la-pena\/"},"modified":"2025-09-22T21:59:19","modified_gmt":"2025-09-22T20:59:19","slug":"fuerteventura-celebra-el-acto-religioso-principal-en-honor-a-nuestra-senora-de-la-pena","status":"publish","type":"post","link":"https:\/\/informacionlocal.es\/en\/fuerteventura-celebra-el-acto-religioso-principal-en-honor-a-nuestra-senora-de-la-pena\/","title":{"rendered":"Fuerteventura celebra el acto religioso principal en Honor a Nuestra Se\u00f1ora de La Pe\u00f1a"},"content":{"rendered":"<div class=\"entry-content\"><strong>20 septiembre, 2025<\/strong><\/p>\n<p>Fuerteventura contin\u00faa celebrando las Fiestas en Honor a Nuestra Se\u00f1ora de La Pe\u00f1a. En la ma\u00f1ana de hoy, s\u00e1bado, 20 de septiembre, la imagen de la Virgen de La Pe\u00f1a se traslad\u00f3 hasta la plaza de Nuestra Se\u00f1ora de La Pe\u00f1a, en la Vega de R\u00edo Palmas, para la celebraci\u00f3n del acto religioso principal de la programaci\u00f3n.<\/p>\n<p>Vecinos, vecinas y personas llegadas de todos los rincones de Fuerteventura asistieron a la solemne eucarist\u00eda, presidida por el Obispo de la Di\u00f3cesis de Canarias, Jos\u00e9 Mazuelos, y concelebrada por p\u00e1rrocos de todos los municipios de Fuerteventura. Tras la eucarist\u00eda, la Virgen de La Pe\u00f1a regres\u00f3 al santuario, acompa\u00f1ada por los presentes.<\/p>\n<p>Estuvieron presentes la presidenta del Cabildo de Fuerteventura, Lola Garc\u00eda, el alcalde de Betancuria, Enrique Cerde\u00f1a, el consejero de Cultura, Rayco Le\u00f3n, as\u00ed como la consejera de Turismo del Gobierno de Canarias, Jessica de Le\u00f3n, y la directora insular de la Administraci\u00f3n del Estado, Mar\u00eda Jes\u00fas de la Cruz, junto a alcaldes y alcaldesas, representantes insulares y municipales, estatales, parlamentarios y autoridades eclesi\u00e1sticas y militares.<\/p>\n<p>A continuaci\u00f3n, comenz\u00f3 la cuarta edici\u00f3n de la degustaci\u00f3n del puchero tradicional, con la actuaci\u00f3n musical del grupo Tababaire.<\/p>\n<\/div>\n","protected":false},"excerpt":{"rendered":"<p>20 septiembre, 2025 Fuerteventura contin\u00faa celebrando las Fiestas en Honor a Nuestra Se\u00f1ora de La Pe\u00f1a. En la ma\u00f1ana de hoy, s\u00e1bado, 20 de septiembre, la imagen de la Virgen [&hellip;]<\/p>\n","protected":false},"author":1,"featured_media":11145,"comment_status":"open","ping_status":"open","sticky":false,"template":"","format":"standard","meta":{"inline_featured_image":false,"jnews-multi-image_gallery":[],"jnews_single_post":[],"jnews_primary_category":[],"jnews_social_meta":[],"jnews_override_counter":[],"jnews_post_split":[],"footnotes":""},"categories":[58],"tags":[82,65],"class_list":["post-11143","post","type-post","status-publish","format-standard","has-post-thumbnail","hentry","category-cabildo","tag-fuerteventura","tag-municipios"],"jetpack_featured_media_url":"https:\/\/informacionlocal.es\/wp-content\/uploads\/2025\/09\/1758525582-56455d888897615ebb0169524e936a3c.jpg","_links":{"self":[{"href":"https:\/\/informacionlocal.es\/en\/wp-json\/wp\/v2\/posts\/11143","targetHints":{"allow":["GET"]}}],"collection":[{"href":"https:\/\/informacionlocal.es\/en\/wp-json\/wp\/v2\/posts"}],"about":[{"href":"https:\/\/informacionlocal.es\/en\/wp-json\/wp\/v2\/types\/post"}],"author":[{"embeddable":true,"href":"https:\/\/informacionlocal.es\/en\/wp-json\/wp\/v2\/users\/1"}],"replies":[{"embeddable":true,"href":"https:\/\/informacionlocal.es\/en\/wp-json\/wp\/v2\/comments?post=11143"}],"version-history":[{"count":0,"href":"https:\/\/informacionlocal.es\/en\/wp-json\/wp\/v2\/posts\/11143\/revisions"}],"wp:featuredmedia":[{"embeddable":true,"href":"https:\/\/informacionlocal.es\/en\/wp-json\/wp\/v2\/media\/11145"}],"wp:attachment":[{"href":"https:\/\/informacionlocal.es\/en\/wp-json\/wp\/v2\/media?parent=11143"}],"wp:term":[{"taxonomy":"category","embeddable":true,"href":"https:\/\/informacionlocal.es\/en\/wp-json\/wp\/v2\/categories?post=11143"},{"taxonomy":"post_tag","embeddable":true,"href":"https:\/\/informacionlocal.es\/en\/wp-json\/wp\/v2\/tags?post=11143"}],"curies":[{"name":"wp","href":"https:\/\/api.w.org\/{rel}","templated":true}]}}