{"id":11079,"date":"2025-09-22T14:03:22","date_gmt":"2025-09-22T13:03:22","guid":{"rendered":"https:\/\/informacionlocal.es\/la-pelicula-la-lucha-rodada-integramente-en-fuerteventura-se-estrena-con-exito-en-el-festival-san-sebastian\/"},"modified":"2025-09-22T14:03:22","modified_gmt":"2025-09-22T13:03:22","slug":"la-pelicula-la-lucha-rodada-integramente-en-fuerteventura-se-estrena-con-exito-en-el-festival-san-sebastian","status":"publish","type":"post","link":"https:\/\/informacionlocal.es\/en\/la-pelicula-la-lucha-rodada-integramente-en-fuerteventura-se-estrena-con-exito-en-el-festival-san-sebastian\/","title":{"rendered":"La pel\u00edcula \u2018La Lucha\u2019, rodada \u00edntegramente en Fuerteventura, se estrena con \u00e9xito en el Festival San Sebasti\u00e1n"},"content":{"rendered":"<div class=\"entry-content\"><strong>22 septiembre, 2025<\/strong><\/p>\n<p><strong><em>El largometraje de Jos\u00e9 Alay\u00f3n cuenta con int\u00e9rpretes y 400 figurantes locales, reflejando la autenticidad de la lucha canaria<\/em><\/strong><\/p>\n<p>La pel\u00edcula\u00a0<em>La Lucha\u00a0<\/em>de Jos\u00e9 Alay\u00f3n, rodada \u00edntegramente en Fuerteventura, se estren\u00f3 con \u00e9xito en el 73\u00ba Festival de San Sebasti\u00e1n, uno de los eventos cinematogr\u00e1ficos m\u00e1s importantes del mundo. Durante este fin de semana, el estreno fue respaldado por Fuerteventura Film Commission y su consejera Nereida Calero, dada la importancia que tiene este estreno para la Isla y para las producciones rodadas en territorio majorero.<\/p>\n<p>Se trata de la primera pel\u00edcula rodada \u00edntegramente en Fuerteventura que se presenta en el festival donostiarra. Bajo la direcci\u00f3n de Jos\u00e9 Alay\u00f3n, la pel\u00edcula es una producci\u00f3n 100% canaria, realizada por la productora \u2018El Viaje Films\u2019, que ha contado con actores debutantes y no profesionales, en su mayor\u00eda luchadores reales, tras un casting de doce meses dirigido por Cendrine Lapuyade. Adem\u00e1s, en ella participaron 400 figurantes de Fuerteventura, reflejando la autenticidad y la fuerza de la comunidad majorera.<\/p>\n<p>El rodaje se desarroll\u00f3 entre febrero y marzo de 2024, en diversas localizaciones de los municipios de Puerto del Rosario, P\u00e1jara, Tuineje y Antigua.<\/p>\n<p>Hasta ahora, el cine no hab\u00eda explorado en profundidad el mundo que rodea el deporte tradicional de la lucha canaria, por lo que el estreno del largometraje ha servido para la promoci\u00f3n de la identidad y cultura canaria y majorera. Tal es as\u00ed, que se desarroll\u00f3 una exhibici\u00f3n de este deporte, organizada por el Gobierno de Canarias, en la playa de Zurriola, ubicada frente al Palacio de Congresos y Auditorio Kursaal (sede del festival).<\/p>\n<\/div>\n","protected":false},"excerpt":{"rendered":"<p>22 septiembre, 2025 El largometraje de Jos\u00e9 Alay\u00f3n cuenta con int\u00e9rpretes y 400 figurantes locales, reflejando la autenticidad de la lucha canaria La pel\u00edcula\u00a0La Lucha\u00a0de Jos\u00e9 Alay\u00f3n, rodada \u00edntegramente en [&hellip;]<\/p>\n","protected":false},"author":1,"featured_media":11081,"comment_status":"open","ping_status":"open","sticky":false,"template":"","format":"standard","meta":{"inline_featured_image":false,"jnews-multi-image_gallery":[],"jnews_single_post":[],"jnews_primary_category":[],"jnews_social_meta":[],"jnews_override_counter":[],"jnews_post_split":[],"footnotes":""},"categories":[58],"tags":[69,82,65],"class_list":["post-11079","post","type-post","status-publish","format-standard","has-post-thumbnail","hentry","category-cabildo","tag-eventos","tag-fuerteventura","tag-municipios"],"jetpack_featured_media_url":"https:\/\/informacionlocal.es\/wp-content\/uploads\/2025\/09\/estreno-san-sebastic3a1n.jpeg","_links":{"self":[{"href":"https:\/\/informacionlocal.es\/en\/wp-json\/wp\/v2\/posts\/11079","targetHints":{"allow":["GET"]}}],"collection":[{"href":"https:\/\/informacionlocal.es\/en\/wp-json\/wp\/v2\/posts"}],"about":[{"href":"https:\/\/informacionlocal.es\/en\/wp-json\/wp\/v2\/types\/post"}],"author":[{"embeddable":true,"href":"https:\/\/informacionlocal.es\/en\/wp-json\/wp\/v2\/users\/1"}],"replies":[{"embeddable":true,"href":"https:\/\/informacionlocal.es\/en\/wp-json\/wp\/v2\/comments?post=11079"}],"version-history":[{"count":0,"href":"https:\/\/informacionlocal.es\/en\/wp-json\/wp\/v2\/posts\/11079\/revisions"}],"wp:featuredmedia":[{"embeddable":true,"href":"https:\/\/informacionlocal.es\/en\/wp-json\/wp\/v2\/media\/11081"}],"wp:attachment":[{"href":"https:\/\/informacionlocal.es\/en\/wp-json\/wp\/v2\/media?parent=11079"}],"wp:term":[{"taxonomy":"category","embeddable":true,"href":"https:\/\/informacionlocal.es\/en\/wp-json\/wp\/v2\/categories?post=11079"},{"taxonomy":"post_tag","embeddable":true,"href":"https:\/\/informacionlocal.es\/en\/wp-json\/wp\/v2\/tags?post=11079"}],"curies":[{"name":"wp","href":"https:\/\/api.w.org\/{rel}","templated":true}]}}