{"id":11049,"date":"2025-09-22T10:59:10","date_gmt":"2025-09-22T09:59:10","guid":{"rendered":"https:\/\/informacionlocal.es\/la-semana-cultural-marcara-el-inicio-de-las-fiestas-de-nuestra-senora-del-rosario-2025\/"},"modified":"2025-09-22T10:59:10","modified_gmt":"2025-09-22T09:59:10","slug":"la-semana-cultural-marcara-el-inicio-de-las-fiestas-de-nuestra-senora-del-rosario-2025","status":"publish","type":"post","link":"https:\/\/informacionlocal.es\/en\/la-semana-cultural-marcara-el-inicio-de-las-fiestas-de-nuestra-senora-del-rosario-2025\/","title":{"rendered":"La Semana Cultural marcar\u00e1 el inicio de las Fiestas de Nuestra Se\u00f1ora del Rosario 2025"},"content":{"rendered":"<div class=\"entry-content\">\n<ul>\n<li><span><strong>El programa, presentado este jueves en la Casa de la Cultura, incluye recitales, espect\u00e1culos, documentales y conciertos en distintos espacios del municipio.<\/strong><\/span><strong>\u00a0<\/strong><\/li>\n<\/ul>\n<p><span><strong>En Puerto del Rosario, a 18 de septiembre de 2025.-<\/strong> El Ayuntamiento de Puerto del Rosario present\u00f3 este jueves, 18 de septiembre, en la Casa de la Cultura, el programa de la Semana Cultural de las Fiestas de Nuestra Se\u00f1ora del Rosario 2025, que tendr\u00e1 lugar del 23 al 26 de septiembre con propuestas que combinan poes\u00eda, talento joven, m\u00fasica y exposiciones.<\/span><\/p>\n<p><span>El martes 23 abrir\u00e1 la programaci\u00f3n \u201cPuerto es Poes\u00eda\u201d, en la Casa de la Cultura; el mi\u00e9rcoles 24 ser\u00e1 el turno del Talent Show \u201cPuerto tiene talento\u201d en la plaza de Nuestra Se\u00f1ora del Rosario; el jueves 25 se proyectar\u00e1 el documental de La Pion\u00e1 <em>\u201cDeseando que llegara la fiesta\u201d<\/em>, seguido de la actuaci\u00f3n musical del grupo de m\u00fasica popular Tabajoste; y el viernes 26 se inaugurar\u00e1 en la Casa de la Cultura la Exposici\u00f3n de Carteles de Fiestas del Rosario, cerrando la semana con el concierto de la Orquesta Camerata en la plaza principal.<\/span><\/p>\n<p><img loading=\"lazy\" decoding=\"async\" loading=\"lazy\" class=\"size-large wp-image-157079 aligncenter\" src=\"https:\/\/informacionlocal.es\/wp-content\/uploads\/2025\/09\/presentacion-semana-cultural-1-1024x768-1.jpeg\" width=\"1024\" height=\"768\" title=\"presentacion-semana-cultural-1-1024x768-1\"><\/p>\n<p><span>El alcalde de Puerto del Rosario, David de Vera, manifest\u00f3 que \u201cla Semana Cultural ofrece a los vecinos y vecinas un espacio para encontrarse con la poes\u00eda, con la m\u00fasica y con las expresiones art\u00edsticas de nuestro municipio, con un programa que refleja la vitalidad cultural de Puerto del Rosario\u201d.<\/span><\/p>\n<p><span>El concejal de Cultura, Juan Manuel Verdugo, a\u00f1adi\u00f3 que \u201chemos querido dise\u00f1ar una semana en la que se mezclen tradici\u00f3n y creatividad, con iniciativas que van desde la poes\u00eda hasta el talento emergente, pasando por la m\u00fasica popular y la cl\u00e1sica. Es una invitaci\u00f3n abierta a toda la ciudadan\u00eda a vivir la cultura como parte fundamental de nuestras fiestas\u201d.<\/span><\/p>\n<p><img loading=\"lazy\" decoding=\"async\" loading=\"lazy\" class=\"size-large wp-image-157080 aligncenter\" src=\"https:\/\/informacionlocal.es\/wp-content\/uploads\/2025\/09\/presentacion-semana-cultural-2-1024x768-1.jpeg\" width=\"1024\" height=\"768\" title=\"presentacion-semana-cultural-2-1024x768-1\"><\/p>\n<p><span>La concejala de Festejos, Tacoremi Guti\u00e9rrez, record\u00f3 que \u201cesta semana cultural se enmarca dentro de un programa de fiestas muy amplio y variado que arranca oficialmente este domingo, 21 de septiembre, con el preg\u00f3n a cargo del colectivo MERACAS y la actuaci\u00f3n del grupo Chocolate Sexy. A partir de ah\u00ed, Puerto del Rosario vivir\u00e1 unas semanas intensas llenas de tradici\u00f3n, m\u00fasica y actividades para toda la familia\u201d.<\/span><\/p>\n<p><img loading=\"lazy\" decoding=\"async\" loading=\"lazy\" class=\"size-large wp-image-157081 aligncenter\" src=\"https:\/\/informacionlocal.es\/wp-content\/uploads\/2025\/09\/semana-cultural-724x1024-1.jpeg\" width=\"724\" height=\"1024\" title=\"semana-cultural-724x1024-1\"><\/p>\n<\/div>\n","protected":false},"excerpt":{"rendered":"<p>El programa, presentado este jueves en la Casa de la Cultura, incluye recitales, espect\u00e1culos, documentales y conciertos en distintos espacios del municipio.\u00a0 En Puerto del Rosario, a 18 de septiembre [&hellip;]<\/p>\n","protected":false},"author":1,"featured_media":11051,"comment_status":"open","ping_status":"open","sticky":false,"template":"","format":"standard","meta":{"inline_featured_image":false,"jnews-multi-image_gallery":[],"jnews_single_post":[],"jnews_primary_category":[],"jnews_social_meta":[],"jnews_override_counter":[],"jnews_post_split":[],"footnotes":""},"categories":[61],"tags":[],"class_list":["post-11049","post","type-post","status-publish","format-standard","has-post-thumbnail","hentry","category-puerto-del-rosario"],"jetpack_featured_media_url":"https:\/\/informacionlocal.es\/wp-content\/uploads\/2025\/09\/semana-cultural-1.png","_links":{"self":[{"href":"https:\/\/informacionlocal.es\/en\/wp-json\/wp\/v2\/posts\/11049","targetHints":{"allow":["GET"]}}],"collection":[{"href":"https:\/\/informacionlocal.es\/en\/wp-json\/wp\/v2\/posts"}],"about":[{"href":"https:\/\/informacionlocal.es\/en\/wp-json\/wp\/v2\/types\/post"}],"author":[{"embeddable":true,"href":"https:\/\/informacionlocal.es\/en\/wp-json\/wp\/v2\/users\/1"}],"replies":[{"embeddable":true,"href":"https:\/\/informacionlocal.es\/en\/wp-json\/wp\/v2\/comments?post=11049"}],"version-history":[{"count":0,"href":"https:\/\/informacionlocal.es\/en\/wp-json\/wp\/v2\/posts\/11049\/revisions"}],"wp:featuredmedia":[{"embeddable":true,"href":"https:\/\/informacionlocal.es\/en\/wp-json\/wp\/v2\/media\/11051"}],"wp:attachment":[{"href":"https:\/\/informacionlocal.es\/en\/wp-json\/wp\/v2\/media?parent=11049"}],"wp:term":[{"taxonomy":"category","embeddable":true,"href":"https:\/\/informacionlocal.es\/en\/wp-json\/wp\/v2\/categories?post=11049"},{"taxonomy":"post_tag","embeddable":true,"href":"https:\/\/informacionlocal.es\/en\/wp-json\/wp\/v2\/tags?post=11049"}],"curies":[{"name":"wp","href":"https:\/\/api.w.org\/{rel}","templated":true}]}}