{"id":10983,"date":"2025-09-18T17:58:34","date_gmt":"2025-09-18T16:58:34","guid":{"rendered":"https:\/\/informacionlocal.es\/cada-sabado-una-actuacion-en-vivo-y-en-directo-con-caleta-es-musica\/"},"modified":"2025-09-18T17:58:34","modified_gmt":"2025-09-18T16:58:34","slug":"cada-sabado-una-actuacion-en-vivo-y-en-directo-con-caleta-es-musica","status":"publish","type":"post","link":"https:\/\/informacionlocal.es\/en\/cada-sabado-una-actuacion-en-vivo-y-en-directo-con-caleta-es-musica\/","title":{"rendered":"Cada s\u00e1bado una actuaci\u00f3n en vivo y en directo con Caleta es M\u00fasica"},"content":{"rendered":"<div class=\"elementor-widget-container\">\n<p><strong>Cada s\u00e1bado una actuaci\u00f3n en vivo y en directo con Caleta es M\u00fasica<\/strong><\/p>\n<p><strong>\u2022 Cada s\u00e1bado en una calle, plaza o paseo, Caleta es M\u00fasica ofrece la actuaci\u00f3n musical de un grupo de la isla. <\/strong><br \/><strong>\u2022 Actuaciones de ritmos diferentes o versiones de grandes y conocidos temas, cada s\u00e1bado por la tarde desde septiembre y hasta noviembre, incluido.<\/strong><\/p>\n<p>El Ayuntamiento de Antigua ofrece una actuaci\u00f3n musical en vivo y en directo en diferentes calles, paseos o plazas p\u00fablicas de El Castillo con el programa impulsado por la concejal\u00eda de Comercio, Caleta es M\u00fasica.<\/p>\n<p>Desde este mes de septiembre y hasta noviembre, incluido, todos los s\u00e1bados por la tarde podr\u00e1 disfrutarse de la actuaci\u00f3n de un grupo musical de la isla, con sus distintos ritmos desde pop, rock, jazz o heavy, detalla el concejal de Comercio, Giuseppe Signorino, en una iniciativa que sorprende a los paseantes y es bien acogida por los comercios y locales como atractivo din\u00e1mico en la zona.<\/p>\n<p>Este s\u00e1bado 20 de septiembre desde las 17:00 horas y hasta las 20:00 horas en la calle peatonal Alcalde Santiago Urqu\u00eda, los vecinos, vecinas y turistas de Caleta de Fuste podr\u00e1n disfrutar de la actuaci\u00f3n del grupo Rock Machine Band con ritmos musicales de rock, blues y pop.<\/p>\n<p>Caleta es M\u00fasica es una iniciativa musical que se suma a las propuestas culturales, cursos formativos, actividades deportivas o pr\u00f3ximos eventos festivos que se proponen en Caleta de Fuste, afirma el alcalde, Mat\u00edas Pe\u00f1a, que destaca la cercan\u00eda y sorpresa musical callejera que propone Caleta es M\u00fasica, incentivando el paseo de vecinos, vecinas y turistas en zonas con numerosos comercios, establecimientos de diferentes servicios, restaurantes y cafeter\u00edas cercanos.<\/p>\n<\/div>\n","protected":false},"excerpt":{"rendered":"<p><strong>Cada s\u00e1bado una actuaci\u00f3n en vivo y en directo con Caleta es M\u00fasica<\/strong><\/p>\n","protected":false},"author":1,"featured_media":10985,"comment_status":"open","ping_status":"open","sticky":false,"template":"","format":"standard","meta":{"inline_featured_image":false,"jnews-multi-image_gallery":[],"jnews_single_post":[],"jnews_primary_category":[],"jnews_social_meta":[],"jnews_override_counter":[],"jnews_post_split":[],"footnotes":""},"categories":[59],"tags":[69],"class_list":["post-10983","post","type-post","status-publish","format-standard","has-post-thumbnail","hentry","category-antigua","tag-eventos"],"jetpack_featured_media_url":"https:\/\/informacionlocal.es\/wp-content\/uploads\/2025\/09\/img-20250916-wa0009.jpg","_links":{"self":[{"href":"https:\/\/informacionlocal.es\/en\/wp-json\/wp\/v2\/posts\/10983","targetHints":{"allow":["GET"]}}],"collection":[{"href":"https:\/\/informacionlocal.es\/en\/wp-json\/wp\/v2\/posts"}],"about":[{"href":"https:\/\/informacionlocal.es\/en\/wp-json\/wp\/v2\/types\/post"}],"author":[{"embeddable":true,"href":"https:\/\/informacionlocal.es\/en\/wp-json\/wp\/v2\/users\/1"}],"replies":[{"embeddable":true,"href":"https:\/\/informacionlocal.es\/en\/wp-json\/wp\/v2\/comments?post=10983"}],"version-history":[{"count":0,"href":"https:\/\/informacionlocal.es\/en\/wp-json\/wp\/v2\/posts\/10983\/revisions"}],"wp:featuredmedia":[{"embeddable":true,"href":"https:\/\/informacionlocal.es\/en\/wp-json\/wp\/v2\/media\/10985"}],"wp:attachment":[{"href":"https:\/\/informacionlocal.es\/en\/wp-json\/wp\/v2\/media?parent=10983"}],"wp:term":[{"taxonomy":"category","embeddable":true,"href":"https:\/\/informacionlocal.es\/en\/wp-json\/wp\/v2\/categories?post=10983"},{"taxonomy":"post_tag","embeddable":true,"href":"https:\/\/informacionlocal.es\/en\/wp-json\/wp\/v2\/tags?post=10983"}],"curies":[{"name":"wp","href":"https:\/\/api.w.org\/{rel}","templated":true}]}}