{"id":10961,"date":"2025-09-18T14:00:39","date_gmt":"2025-09-18T13:00:39","guid":{"rendered":"https:\/\/informacionlocal.es\/la-oliva-celebra-la-fiebre-por-la-mtb-con-la-xii-electron-fuertebike\/"},"modified":"2025-09-18T14:00:39","modified_gmt":"2025-09-18T13:00:39","slug":"la-oliva-celebra-la-fiebre-por-la-mtb-con-la-xii-electron-fuertebike","status":"publish","type":"post","link":"https:\/\/informacionlocal.es\/en\/la-oliva-celebra-la-fiebre-por-la-mtb-con-la-xii-electron-fuertebike\/","title":{"rendered":"La Oliva celebra la fiebre por la MTB con la XII Electr\u00f3n Fuertebike"},"content":{"rendered":"<p>Preparen sus bicicletas, el Ayuntamiento de La Oliva, a trav\u00e9s de la Concejal\u00eda de Deportes, que dirige Gleiber Carre\u00f1o, presenta la XII edici\u00f3n de la Electr\u00f3n Fuertebike. El pr\u00f3ximo 27 de septiembre alrededor de 700 ciclistas de dentro y fuera de la Isla competir\u00e1n en la carrera de MTB en el habitual recorrido del evento establecido anteriores ediciones.<\/p>\n<p>As\u00ed pues, esta competici\u00f3n organizada por Columbus Eventos junto con el Consistorio municipal y el Cabildo Insular de Fuerteventura, pone cita al calendario deportivo con un encuentro en el que destacar\u00e1n diferentes novedades como tracks recargables, diferentes actuaciones musicales y otras sorpresas que pondr\u00e1n el acento sobre el deporte en la Isla. Un desaf\u00edo que mantiene una clara conciencia ambiental pues, mantiene la voluntad de preservar el singular entorno natural en el que desarrolla la carrera.<\/p>\n<p>El alcalde de La Oliva, Isa\u00ed Blanco, manifiesta la voluntad de continuar impulsando el deporte en el municipio: \u201cCompeticiones como la Fuertebike son ya una cita obligatoria para muchos de nuestros atletas locales y visitantes a Fuerteventura que deciden participar en esta carrera. Desde el Ayuntamiento consideramos vital seguir apostando por eventos que ponen el acento sobre la actividad f\u00edsica.\u201d<\/p>\n<p>Por su parte, la concejala de Deportes, Gleiber Carre\u00f1o, destaca la importancia del evento para el panorama deportivo de la Isla: \u201cLa Fuertebike transciende el panorama municipal para convertirse en un encuentro destacado de atletas de toda Fuerteventura pero tambi\u00e9n de fuera de la Isla. Esta es, sin duda, una de las mayores pruebas de ciclismo de toda Canarias y para nosotros, desde la Concejal\u00eda es un orgullo poder contar con este evento en La Oliva.\u201d <\/p>\n<p>Para finalizar, el concejal de Turismo y Medio Ambiente, David Fajardo, resalta la presencia del binomio en la carrera de MTB: \u201cTurismo y Medio Ambiente siguen presentes en eventos como la Fuertebike, ya que capta la atenci\u00f3n no solo de nuestros residentes, sino tambi\u00e9n de los visitantes a la Isla, poniendo en el centro La Oliva como destino tur\u00edstico \u2013 deportivo a la vez que se respeta nuestro entorno natural, nuestro bien m\u00e1s preciado.\u201d<\/p>\n<p>La trayectoria de la Fuertebike promete una jornada emocionante en la imagen que pretende proyectar el gobierno local de un destino de referencia en el \u00e1mbito tur\u00edstico \u2013 deportivo sin dejar de lado el cuidado del paisaje natural propio de la isla majorera.<\/p>\n","protected":false},"excerpt":{"rendered":"<p><span>Los ciclistas se enfrentan al terreno de la isla majorera el pr\u00f3ximo 27 de septiembre<\/span><\/p>\n","protected":false},"author":1,"featured_media":10963,"comment_status":"open","ping_status":"open","sticky":false,"template":"","format":"standard","meta":{"inline_featured_image":false,"jnews-multi-image_gallery":[],"jnews_single_post":[],"jnews_primary_category":[],"jnews_social_meta":[],"jnews_override_counter":[],"jnews_post_split":[],"footnotes":""},"categories":[62],"tags":[69,82,76],"class_list":["post-10961","post","type-post","status-publish","format-standard","has-post-thumbnail","hentry","category-la-oliva","tag-eventos","tag-fuerteventura","tag-medio-ambiente"],"jetpack_featured_media_url":"https:\/\/informacionlocal.es\/wp-content\/uploads\/2025\/09\/5245_3c529dcd.png","_links":{"self":[{"href":"https:\/\/informacionlocal.es\/en\/wp-json\/wp\/v2\/posts\/10961","targetHints":{"allow":["GET"]}}],"collection":[{"href":"https:\/\/informacionlocal.es\/en\/wp-json\/wp\/v2\/posts"}],"about":[{"href":"https:\/\/informacionlocal.es\/en\/wp-json\/wp\/v2\/types\/post"}],"author":[{"embeddable":true,"href":"https:\/\/informacionlocal.es\/en\/wp-json\/wp\/v2\/users\/1"}],"replies":[{"embeddable":true,"href":"https:\/\/informacionlocal.es\/en\/wp-json\/wp\/v2\/comments?post=10961"}],"version-history":[{"count":0,"href":"https:\/\/informacionlocal.es\/en\/wp-json\/wp\/v2\/posts\/10961\/revisions"}],"wp:featuredmedia":[{"embeddable":true,"href":"https:\/\/informacionlocal.es\/en\/wp-json\/wp\/v2\/media\/10963"}],"wp:attachment":[{"href":"https:\/\/informacionlocal.es\/en\/wp-json\/wp\/v2\/media?parent=10961"}],"wp:term":[{"taxonomy":"category","embeddable":true,"href":"https:\/\/informacionlocal.es\/en\/wp-json\/wp\/v2\/categories?post=10961"},{"taxonomy":"post_tag","embeddable":true,"href":"https:\/\/informacionlocal.es\/en\/wp-json\/wp\/v2\/tags?post=10961"}],"curies":[{"name":"wp","href":"https:\/\/api.w.org\/{rel}","templated":true}]}}