{"id":10955,"date":"2025-09-18T11:59:30","date_gmt":"2025-09-18T10:59:30","guid":{"rendered":"https:\/\/informacionlocal.es\/gdr-maxorata-y-cabildo-presentan-los-proyectos-paraguas-para-apoyar-iniciativas-ciudadanas\/"},"modified":"2025-09-18T11:59:30","modified_gmt":"2025-09-18T10:59:30","slug":"gdr-maxorata-y-cabildo-presentan-los-proyectos-paraguas-para-apoyar-iniciativas-ciudadanas","status":"publish","type":"post","link":"https:\/\/informacionlocal.es\/en\/gdr-maxorata-y-cabildo-presentan-los-proyectos-paraguas-para-apoyar-iniciativas-ciudadanas\/","title":{"rendered":"GDR Maxorata y Cabildo presentan los \u2018proyectos paraguas\u2019 para apoyar iniciativas ciudadanas"},"content":{"rendered":"<div class=\"entry-content\"><strong>18 septiembre, 2025<\/strong><\/p>\n<p><strong><em>Los \u2018proyectos paraguas\u2019 son<br \/>\nherramientas para financiar y dar apoyo a iniciativas ciudadanas en<br \/>\nFuerteventura<\/em><\/strong><\/p>\n<p>GDR Maxorata y el Cabildo de Fuerteventura, a trav\u00e9s de la<br \/>\nConsejer\u00eda de Agricultura, Ganader\u00eda y Pesca, lanzan una nueva herramienta<br \/>\ndentro del programa Leader del PEPAC 2023-2027, enmarcada en la Estrategia de<br \/>\nDesarrollo Local Participativo de la isla. Se trata de los \u2018proyectos<br \/>\nparaguas\u2019, una f\u00f3rmula innovadora dise\u00f1ada para dar respuesta a las necesidades<br \/>\nconcretas de grupos de personas f\u00edsicas que, al no constituirse como entidad<br \/>\njur\u00eddica, no tienen acceso directo a ayudas o subvenciones.<\/p>\n<p>Con estos proyectos, GDR Maxorata asume la parte financiera y la<br \/>\njustificaci\u00f3n, facilitando que iniciativas ciudadanas puedan desarrollarse.<br \/>\nAdem\u00e1s, tambi\u00e9n podr\u00e1n participar entidades p\u00fablicas en colaboraci\u00f3n con<br \/>\npersonas f\u00edsicas, as\u00ed como asociaciones u otras instituciones que trabajen<br \/>\nconjuntamente con la ciudadan\u00eda.<\/p>\n<p>Para dar a conocer esta herramienta, se celebrar\u00e1 una charla<br \/>\ndivulgativa y participativa el pr\u00f3ximo 22 de octubre en la Asociaci\u00f3n Cultural<br \/>\nde la Ra\u00edz del Pueblo, La Oliva. La cita contar\u00e1 con dos sesiones abiertas al<br \/>\np\u00fablico, a las 10.00 y a las 19.00 horas, y servir\u00e1 como espacio de encuentro<br \/>\npara presentar los `proyectos paraguas\u2019, compartir propuestas e intercambiar<br \/>\nideas.<\/p>\n<p>Con esta iniciativa, el Cabildo refuerza su compromiso con el<br \/>\ndesarrollo local, la participaci\u00f3n ciudadana y la creaci\u00f3n de oportunidades que<br \/>\nresponden a las necesidades reales de la poblaci\u00f3n.<\/p>\n<\/div>\n","protected":false},"excerpt":{"rendered":"<p>18 septiembre, 2025 Los \u2018proyectos paraguas\u2019 son herramientas para financiar y dar apoyo a iniciativas ciudadanas en Fuerteventura GDR Maxorata y el Cabildo de Fuerteventura, a trav\u00e9s de la Consejer\u00eda [&hellip;]<\/p>\n","protected":false},"author":1,"featured_media":10957,"comment_status":"open","ping_status":"open","sticky":false,"template":"","format":"standard","meta":{"inline_featured_image":false,"jnews-multi-image_gallery":[],"jnews_single_post":[],"jnews_primary_category":[],"jnews_social_meta":[],"jnews_override_counter":[],"jnews_post_split":[],"footnotes":""},"categories":[58],"tags":[82],"class_list":["post-10955","post","type-post","status-publish","format-standard","has-post-thumbnail","hentry","category-cabildo","tag-fuerteventura"],"jetpack_featured_media_url":"https:\/\/informacionlocal.es\/wp-content\/uploads\/2025\/09\/1758179911-78a4dbe96690552bfbbd00e3abb46b1d.png","_links":{"self":[{"href":"https:\/\/informacionlocal.es\/en\/wp-json\/wp\/v2\/posts\/10955","targetHints":{"allow":["GET"]}}],"collection":[{"href":"https:\/\/informacionlocal.es\/en\/wp-json\/wp\/v2\/posts"}],"about":[{"href":"https:\/\/informacionlocal.es\/en\/wp-json\/wp\/v2\/types\/post"}],"author":[{"embeddable":true,"href":"https:\/\/informacionlocal.es\/en\/wp-json\/wp\/v2\/users\/1"}],"replies":[{"embeddable":true,"href":"https:\/\/informacionlocal.es\/en\/wp-json\/wp\/v2\/comments?post=10955"}],"version-history":[{"count":0,"href":"https:\/\/informacionlocal.es\/en\/wp-json\/wp\/v2\/posts\/10955\/revisions"}],"wp:featuredmedia":[{"embeddable":true,"href":"https:\/\/informacionlocal.es\/en\/wp-json\/wp\/v2\/media\/10957"}],"wp:attachment":[{"href":"https:\/\/informacionlocal.es\/en\/wp-json\/wp\/v2\/media?parent=10955"}],"wp:term":[{"taxonomy":"category","embeddable":true,"href":"https:\/\/informacionlocal.es\/en\/wp-json\/wp\/v2\/categories?post=10955"},{"taxonomy":"post_tag","embeddable":true,"href":"https:\/\/informacionlocal.es\/en\/wp-json\/wp\/v2\/tags?post=10955"}],"curies":[{"name":"wp","href":"https:\/\/api.w.org\/{rel}","templated":true}]}}