{"id":10879,"date":"2025-09-16T17:59:49","date_gmt":"2025-09-16T16:59:49","guid":{"rendered":"https:\/\/informacionlocal.es\/el-cabildo-de-fuerteventura-sigue-avanzando-en-la-elaboracion-del-piof-porn\/"},"modified":"2025-09-16T17:59:49","modified_gmt":"2025-09-16T16:59:49","slug":"el-cabildo-de-fuerteventura-sigue-avanzando-en-la-elaboracion-del-piof-porn","status":"publish","type":"post","link":"https:\/\/informacionlocal.es\/en\/el-cabildo-de-fuerteventura-sigue-avanzando-en-la-elaboracion-del-piof-porn\/","title":{"rendered":"El Cabildo de Fuerteventura sigue avanzando en la elaboraci\u00f3n del PIOF\/PORN"},"content":{"rendered":"<div class=\"entry-content\"><strong>16 septiembre, 2025<\/strong><\/p>\n<p><em><strong>El documento borrador y documento inicial estrat\u00e9gico ha sido ya presentado a ayuntamientos y grupos pol\u00edticos con representaci\u00f3n en la Corporaci\u00f3n insular, para seguir recabando aportaciones<\/strong><\/em><\/p>\n<p>El Cabildo de Fuerteventura, a trav\u00e9s del \u00e1rea de Ordenaci\u00f3n del Territorio, contin\u00faa trabajando en la elaboraci\u00f3n del nuevo Plan Insular de Ordenaci\u00f3n y Plan de Ordenaci\u00f3n de los Recursos Naturales (PIOF\/PORN).<\/p>\n<p>La presidenta insular, Lola Garc\u00eda, y la consejera de Ordenaci\u00f3n del Territorio, Nereida Calero, han compartido la primera entrega del borrador del PIOF\/PORN, que ha sido presentado a ayuntamientos y grupos pol\u00edticos con representaci\u00f3n de la Corporaci\u00f3n insular.<\/p>\n<p>Este primer documento se presenta con el objetivo de seguir recabando las aportaciones de las administraciones y agentes implicados. Los encuentros han contado con la participaci\u00f3n, adem\u00e1s, de personal t\u00e9cnico de la Consejer\u00eda de Ordenaci\u00f3n del Territorio y su directora insular, adem\u00e1s del equipo redactor.<\/p>\n<p>Esta ronda de reuniones se ha mantenido tras una primera serie de encuentros el pasado mes de junio, con los diferentes departamentos del Cabildo, organismos aut\u00f3nomos, ayuntamientos y otras administraciones implicadas, as\u00ed<\/p>\n<p>como colegios profesionales de arquitectos, aparejadores y bi\u00f3logos,\u00a0representantes del sector primario, sector tur\u00edstico y comercial, y asociaciones ecologistas.<\/p>\n<p>La presidenta insular, Lola Garc\u00eda, y la consejera de Ordenaci\u00f3n del Territorio, Nereida Calero, destacan la planificaci\u00f3n territorial como uno de los grandes compromisos del Cabildo de Fuerteventura. El objetivo es que los instrumentos que se encuentran en redacci\u00f3n sean elaborados con el m\u00e1ximo consenso de todos los agentes implicados, ciudadan\u00eda, administraciones y diferentes sectores profesionales.<\/p>\n<p>La previsi\u00f3n es poder llevar el documento borrador y documento inicial estrat\u00e9gico al Pleno del Cabildo del pr\u00f3ximo mes de octubre. Tras este paso esencial, el documento ser\u00e1 puesto a disposici\u00f3n de toda la ciudadan\u00eda para su consulta a efectos de seguir recabando aportaciones por parte de todos los agentes implicados.<\/p>\n<\/div>\n","protected":false},"excerpt":{"rendered":"<p>16 septiembre, 2025 El documento borrador y documento inicial estrat\u00e9gico ha sido ya presentado a ayuntamientos y grupos pol\u00edticos con representaci\u00f3n en la Corporaci\u00f3n insular, para seguir recabando aportaciones El [&hellip;]<\/p>\n","protected":false},"author":1,"featured_media":10881,"comment_status":"open","ping_status":"open","sticky":false,"template":"","format":"standard","meta":{"inline_featured_image":false,"jnews-multi-image_gallery":[],"jnews_single_post":[],"jnews_primary_category":[],"jnews_social_meta":[],"jnews_override_counter":[],"jnews_post_split":[],"footnotes":""},"categories":[58],"tags":[82],"class_list":["post-10879","post","type-post","status-publish","format-standard","has-post-thumbnail","hentry","category-cabildo","tag-fuerteventura"],"jetpack_featured_media_url":"https:\/\/informacionlocal.es\/wp-content\/uploads\/2025\/09\/reunic3b3n-oposicic3b3n.jpeg","_links":{"self":[{"href":"https:\/\/informacionlocal.es\/en\/wp-json\/wp\/v2\/posts\/10879","targetHints":{"allow":["GET"]}}],"collection":[{"href":"https:\/\/informacionlocal.es\/en\/wp-json\/wp\/v2\/posts"}],"about":[{"href":"https:\/\/informacionlocal.es\/en\/wp-json\/wp\/v2\/types\/post"}],"author":[{"embeddable":true,"href":"https:\/\/informacionlocal.es\/en\/wp-json\/wp\/v2\/users\/1"}],"replies":[{"embeddable":true,"href":"https:\/\/informacionlocal.es\/en\/wp-json\/wp\/v2\/comments?post=10879"}],"version-history":[{"count":0,"href":"https:\/\/informacionlocal.es\/en\/wp-json\/wp\/v2\/posts\/10879\/revisions"}],"wp:featuredmedia":[{"embeddable":true,"href":"https:\/\/informacionlocal.es\/en\/wp-json\/wp\/v2\/media\/10881"}],"wp:attachment":[{"href":"https:\/\/informacionlocal.es\/en\/wp-json\/wp\/v2\/media?parent=10879"}],"wp:term":[{"taxonomy":"category","embeddable":true,"href":"https:\/\/informacionlocal.es\/en\/wp-json\/wp\/v2\/categories?post=10879"},{"taxonomy":"post_tag","embeddable":true,"href":"https:\/\/informacionlocal.es\/en\/wp-json\/wp\/v2\/tags?post=10879"}],"curies":[{"name":"wp","href":"https:\/\/api.w.org\/{rel}","templated":true}]}}