{"id":10867,"date":"2025-09-16T15:59:08","date_gmt":"2025-09-16T14:59:08","guid":{"rendered":"https:\/\/informacionlocal.es\/el-cabildo-y-ecca-edu-lanzan-una-nueva-edicion-de-los-cursos-we-are-wir-sind-fuerteventura\/"},"modified":"2025-09-16T15:59:08","modified_gmt":"2025-09-16T14:59:08","slug":"el-cabildo-y-ecca-edu-lanzan-una-nueva-edicion-de-los-cursos-we-are-wir-sind-fuerteventura","status":"publish","type":"post","link":"https:\/\/informacionlocal.es\/en\/el-cabildo-y-ecca-edu-lanzan-una-nueva-edicion-de-los-cursos-we-are-wir-sind-fuerteventura\/","title":{"rendered":"El Cabildo y ecca.edu lanzan una nueva edici\u00f3n de los cursos \u2018We Are &amp; Wir Sind Fuerteventura\u2019"},"content":{"rendered":"<div class=\"entry-content\"><strong>16 septiembre, 2025<\/strong><\/p>\n<p>Vuelven los cursos de ingl\u00e9s y alem\u00e1n para atenci\u00f3n tur\u00edstica del Cabildo de Fuerteventura y\u00a0ecca.edu. En el d\u00eda de hoy, la consejera de Promoci\u00f3n Econ\u00f3mica y Fomento del Empleo, Nuria Cabrera, y la delegada insular de\u00a0ecca.edu, Carmen Nieves Hern\u00e1ndez, han suscrito el convenio que permite dar continuidad al proyecto de formaci\u00f3n con una nueva edici\u00f3n.<\/p>\n<p>\u2018We Are Fuerteventura\u2019 y \u2018Wir Sind Fuerteventura\u2019 se dirigen a mejorar las competencias ling\u00fc\u00edsticas de la poblaci\u00f3n y aumentar sus oportunidades de empleo, especialmente en el sector servicios: transporte, comercio, seguridad, etc. Este a\u00f1o, adem\u00e1s, la formaci\u00f3n se ampl\u00eda con un curso de ingl\u00e9s en el contexto sanitario.<\/p>\n<p>Unos cursos que cuentan cada a\u00f1o con gran aceptaci\u00f3n, gracias a la formaci\u00f3n en diferentes niveles, \u201cque permiten mejorar la empleabilidad a trav\u00e9s de la capacitaci\u00f3n en conocimientos idiom\u00e1ticos\u201d, se\u00f1al\u00f3 Cabrera.<\/p>\n<p>Por su parte, la delegada insular de\u00a0ecca.edu\u00a0agradeci\u00f3 al Cabildo \u201cpor esta colaboraci\u00f3n tan estrecha, que permite impartir estos cursos de idiomas en cuatro puntos de la Isla: Corralejo, Gran Tarajal, Puerto del Rosario y Morro Jable\u201d.<\/p>\n<p>La iniciativa cuenta con una financiaci\u00f3n de 31.000 euros, con fondos propios del Cabildo de Fuerteventura\u00a0y del Fondo de Desarrollo de Canarias (FDCAN), que permitir\u00e1 cubrir todo el desarrollo del proyecto.<\/p>\n<p>Los cursos se desarrollar\u00e1n con una metodolog\u00eda que integra material did\u00e1ctico, audiovisual y acci\u00f3n tutorial, esperando llegar a las 260 matr\u00edculas.<\/p>\n<p>Las inscripciones para los cursos se encuentran abiertas ya en la p\u00e1gina web del Cabildo:\u00a0https:\/\/docs.google.com\/forms\/d\/e\/1FAIpQLScHhxNPiLjAYHXSySpWdrfO6Z570MFoNhWvL5CTJWkJnKrH2A\/viewform<\/p>\n<p>Vuelven los cursos de ingl\u00e9s y alem\u00e1n para atenci\u00f3n tur\u00edstica del Cabildo de Fuerteventura y\u00a0ecca.edu. En el d\u00eda de hoy, la consejera de Promoci\u00f3n Econ\u00f3mica y Fomento del Empleo, Nuria Cabrera, y la delegada insular de\u00a0ecca.edu, Carmen Nieves Hern\u00e1ndez, han suscrito el convenio que permite dar continuidad al proyecto de formaci\u00f3n con una nueva edici\u00f3n.<\/p>\n<p>\u2018We Are Fuerteventura\u2019 y \u2018Wir Sind Fuerteventura\u2019 se dirigen a mejorar las competencias ling\u00fc\u00edsticas de la poblaci\u00f3n y aumentar sus oportunidades de empleo, especialmente en el sector servicios: transporte, comercio, seguridad, etc. Este a\u00f1o, adem\u00e1s, la formaci\u00f3n se ampl\u00eda con un curso de ingl\u00e9s en el contexto sanitario.<\/p>\n<p>Unos cursos que cuentan cada a\u00f1o con gran aceptaci\u00f3n, gracias a la formaci\u00f3n en diferentes niveles, \u201cque permiten mejorar la empleabilidad a trav\u00e9s de la capacitaci\u00f3n en conocimientos idiom\u00e1ticos\u201d, se\u00f1al\u00f3 Cabrera.<\/p>\n<p>Por su parte, la delegada insular de\u00a0ecca.edu\u00a0agradeci\u00f3 al Cabildo \u201cpor esta colaboraci\u00f3n tan estrecha, que permite impartir estos cursos de idiomas en cuatro puntos de la Isla: Corralejo, Gran Tarajal, Puerto del Rosario y Morro Jable\u201d.<\/p>\n<p>La iniciativa cuenta con una financiaci\u00f3n de 31.000 euros, con fondos propios del Cabildo de Fuerteventura\u00a0y del Fondo de Desarrollo de Canarias (FDCAN), que permitir\u00e1 cubrir todo el desarrollo del proyecto.<\/p>\n<p>Los cursos se desarrollar\u00e1n con una metodolog\u00eda que integra material did\u00e1ctico, audiovisual y acci\u00f3n tutorial, esperando llegar a las 260 matr\u00edculas.<\/p>\n<p>Las inscripciones para los cursos se encuentran abiertas ya en la p\u00e1gina web del Cabildo:\u00a0https:\/\/docs.google.com\/forms\/d\/e\/1FAIpQLScHhxNPiLjAYHXSySpWdrfO6Z570MFoNhWvL5CTJWkJnKrH2A\/viewform<\/p>\n<\/div>\n","protected":false},"excerpt":{"rendered":"<p>16 septiembre, 2025 Vuelven los cursos de ingl\u00e9s y alem\u00e1n para atenci\u00f3n tur\u00edstica del Cabildo de Fuerteventura y\u00a0ecca.edu. En el d\u00eda de hoy, la consejera de Promoci\u00f3n Econ\u00f3mica y Fomento [&hellip;]<\/p>\n","protected":false},"author":1,"featured_media":10869,"comment_status":"open","ping_status":"open","sticky":false,"template":"","format":"standard","meta":{"inline_featured_image":false,"jnews-multi-image_gallery":[],"jnews_single_post":[],"jnews_primary_category":[],"jnews_social_meta":[],"jnews_override_counter":[],"jnews_post_split":[],"footnotes":""},"categories":[58],"tags":[82],"class_list":["post-10867","post","type-post","status-publish","format-standard","has-post-thumbnail","hentry","category-cabildo","tag-fuerteventura"],"jetpack_featured_media_url":"https:\/\/informacionlocal.es\/wp-content\/uploads\/2025\/09\/nuria-cabrera-ecca-edu_.jpeg","_links":{"self":[{"href":"https:\/\/informacionlocal.es\/en\/wp-json\/wp\/v2\/posts\/10867","targetHints":{"allow":["GET"]}}],"collection":[{"href":"https:\/\/informacionlocal.es\/en\/wp-json\/wp\/v2\/posts"}],"about":[{"href":"https:\/\/informacionlocal.es\/en\/wp-json\/wp\/v2\/types\/post"}],"author":[{"embeddable":true,"href":"https:\/\/informacionlocal.es\/en\/wp-json\/wp\/v2\/users\/1"}],"replies":[{"embeddable":true,"href":"https:\/\/informacionlocal.es\/en\/wp-json\/wp\/v2\/comments?post=10867"}],"version-history":[{"count":0,"href":"https:\/\/informacionlocal.es\/en\/wp-json\/wp\/v2\/posts\/10867\/revisions"}],"wp:featuredmedia":[{"embeddable":true,"href":"https:\/\/informacionlocal.es\/en\/wp-json\/wp\/v2\/media\/10869"}],"wp:attachment":[{"href":"https:\/\/informacionlocal.es\/en\/wp-json\/wp\/v2\/media?parent=10867"}],"wp:term":[{"taxonomy":"category","embeddable":true,"href":"https:\/\/informacionlocal.es\/en\/wp-json\/wp\/v2\/categories?post=10867"},{"taxonomy":"post_tag","embeddable":true,"href":"https:\/\/informacionlocal.es\/en\/wp-json\/wp\/v2\/tags?post=10867"}],"curies":[{"name":"wp","href":"https:\/\/api.w.org\/{rel}","templated":true}]}}