{"id":10817,"date":"2025-09-15T14:58:33","date_gmt":"2025-09-15T13:58:33","guid":{"rendered":"https:\/\/informacionlocal.es\/la-reserva-de-la-biosfera-presente-en-la-feria-de-sostenibilidad-y-deporte-sostenible-en-el-marco-de-baifo-extreme\/"},"modified":"2025-09-15T14:58:33","modified_gmt":"2025-09-15T13:58:33","slug":"la-reserva-de-la-biosfera-presente-en-la-feria-de-sostenibilidad-y-deporte-sostenible-en-el-marco-de-baifo-extreme","status":"publish","type":"post","link":"https:\/\/informacionlocal.es\/en\/la-reserva-de-la-biosfera-presente-en-la-feria-de-sostenibilidad-y-deporte-sostenible-en-el-marco-de-baifo-extreme\/","title":{"rendered":"La Reserva de la Biosfera presente en la Feria de Sostenibilidad y Deporte Sostenible, en el marco de Baifo Extreme"},"content":{"rendered":"<div class=\"entry-content\"><strong>15 septiembre, 2025<\/strong><\/p>\n<p><em><strong>Los asistentes podr\u00e1n visitar una exposici\u00f3n sobre cambio clim\u00e1tico y conocer el kit de supervivencia para aves esteparias que se distribuye en zonas estrat\u00e9gicas de Fuerteventura<\/strong><\/em><\/p>\n<p>La Reserva de la Biosfera participa en la segunda edici\u00f3n de la Feria de Sostenibilidad y Deporte Sostenible, en el marco de la X Baifo Extreme, que se celebra este fin de semana en Tindaya.<\/p>\n<p>Una exposici\u00f3n sobre cambio clim\u00e1tico ser\u00e1 el elemento central de la feria, con el objetivo de promover la neutralidad carb\u00f3nica de los eventos deportivos como Baifo Extreme, que es organizado por Club Deportivo Al M\u00e1ximo y el Ayuntamiento de La Oliva, adherido al Consejo de Participaci\u00f3n de la Reserva de la Biosfera. Tambi\u00e9n se presenta el Kit de apoyo a la supervivencia de aves esteparias como el dispensador de grano y comedero, as\u00ed como un bebedero para distribuirlos por incas estrat\u00e9gicas UMECAH-Wildlife Estates de la Isla, ayudando as\u00ed a la supervivencia de las aves que se est\u00e1n viendo afectadas por la sequ\u00eda extrema y las olas de calor.<\/p>\n<p>La feria pretende tambi\u00e9n ser un punto de encuentro donde se expongan proyectos como la Oliva Actitud ambiental, Voluntariado ambiental y los Objetivos de desarrollo sostenibles de la ONU del proyecto Bioj\u00f3venes-AVANFUER, Diabetes y OCR para la eliminaci\u00f3n de barreras para los diab\u00e9ticos AMAD y Limpieza del entorno de Tindaya a cargo de voluntarios de las asociaciones Limpiaventura y AVANFUER.<\/p>\n<p>La consejera Marlene Figueroa de Turismo, Econom\u00eda azul y Reserva de la Biosfera resalt\u00f3 el esfuerzo que est\u00e1n haciendo los promotores de eventos deportivos para convertirlos en un ejemplo de actividad sostenible, compatibilizando deporte al aire libre con la protecci\u00f3n de la biodiversidad de la isla.\u201d \u201cEl evento Baifo Extreme se va consolidando a\u00f1o tras a\u00f1o con esta feria y las medidas de vigilancia ambiental y neutralidad carb\u00f3nica, en un modelo a seguir para otros\u00a0 eventos de similares caracter\u00edsticas involucrando a\u00a0 cientos de participantes en la protecci\u00f3n del medio natural y permitiendo que\u00a0 adquieran conciencia que la pr\u00e1ctica del deporte al aire libre est\u00e1 indisolublemente ligada al cuidado de los senderos, la reducci\u00f3n de emisi\u00f3n de gases de efecto invernadero, la lucha contra la contaminaci\u00f3n por\u00a0 pl\u00e1sticos,\u00a0 el respeto\u00a0 de los restos etnogr\u00e1ficos y arqueol\u00f3gicos y la biodiversidad\u00a0 de la isla.<\/p>\n<\/div>\n","protected":false},"excerpt":{"rendered":"<p>15 septiembre, 2025 Los asistentes podr\u00e1n visitar una exposici\u00f3n sobre cambio clim\u00e1tico y conocer el kit de supervivencia para aves esteparias que se distribuye en zonas estrat\u00e9gicas de Fuerteventura La [&hellip;]<\/p>\n","protected":false},"author":1,"featured_media":10819,"comment_status":"open","ping_status":"open","sticky":false,"template":"","format":"standard","meta":{"inline_featured_image":false,"jnews-multi-image_gallery":[],"jnews_single_post":[],"jnews_primary_category":[],"jnews_social_meta":[],"jnews_override_counter":[],"jnews_post_split":[],"footnotes":""},"categories":[58],"tags":[69,82],"class_list":["post-10817","post","type-post","status-publish","format-standard","has-post-thumbnail","hentry","category-cabildo","tag-eventos","tag-fuerteventura"],"jetpack_featured_media_url":"https:\/\/informacionlocal.es\/wp-content\/uploads\/2025\/09\/1757921282-754c96fc54b4a22692b88a64d71bc2af.jpg","_links":{"self":[{"href":"https:\/\/informacionlocal.es\/en\/wp-json\/wp\/v2\/posts\/10817","targetHints":{"allow":["GET"]}}],"collection":[{"href":"https:\/\/informacionlocal.es\/en\/wp-json\/wp\/v2\/posts"}],"about":[{"href":"https:\/\/informacionlocal.es\/en\/wp-json\/wp\/v2\/types\/post"}],"author":[{"embeddable":true,"href":"https:\/\/informacionlocal.es\/en\/wp-json\/wp\/v2\/users\/1"}],"replies":[{"embeddable":true,"href":"https:\/\/informacionlocal.es\/en\/wp-json\/wp\/v2\/comments?post=10817"}],"version-history":[{"count":0,"href":"https:\/\/informacionlocal.es\/en\/wp-json\/wp\/v2\/posts\/10817\/revisions"}],"wp:featuredmedia":[{"embeddable":true,"href":"https:\/\/informacionlocal.es\/en\/wp-json\/wp\/v2\/media\/10819"}],"wp:attachment":[{"href":"https:\/\/informacionlocal.es\/en\/wp-json\/wp\/v2\/media?parent=10817"}],"wp:term":[{"taxonomy":"category","embeddable":true,"href":"https:\/\/informacionlocal.es\/en\/wp-json\/wp\/v2\/categories?post=10817"},{"taxonomy":"post_tag","embeddable":true,"href":"https:\/\/informacionlocal.es\/en\/wp-json\/wp\/v2\/tags?post=10817"}],"curies":[{"name":"wp","href":"https:\/\/api.w.org\/{rel}","templated":true}]}}