{"id":10753,"date":"2025-09-11T22:58:29","date_gmt":"2025-09-11T21:58:29","guid":{"rendered":"https:\/\/informacionlocal.es\/la-reserva-de-la-biosfera-presente-en-el-open-de-pesca-de-gran-tarajal-con-un-stand-sobre-recursos-naturales-marinos\/"},"modified":"2025-09-11T22:58:29","modified_gmt":"2025-09-11T21:58:29","slug":"la-reserva-de-la-biosfera-presente-en-el-open-de-pesca-de-gran-tarajal-con-un-stand-sobre-recursos-naturales-marinos","status":"publish","type":"post","link":"https:\/\/informacionlocal.es\/en\/la-reserva-de-la-biosfera-presente-en-el-open-de-pesca-de-gran-tarajal-con-un-stand-sobre-recursos-naturales-marinos\/","title":{"rendered":"\ufeffLa Reserva de la Biosfera presente en el Open de Pesca de Gran Tarajal con un stand sobre recursos naturales marinos"},"content":{"rendered":"<div class=\"entry-content\"><strong>11 septiembre, 2025<\/strong><\/p>\n<p>La Reserva de la Biosfera de Fuerteventura<br \/>\ntendr\u00e1 un stand dedicado a los recursos naturales de su \u00e1rea marina en la 29\u00aa<br \/>\nedici\u00f3n del Open Internacional de Pesca de Altura de Gran Tarajal, que este a\u00f1o<br \/>\nse celebra como primer memorial a Carmelo Rodr\u00edguez Torres y est\u00e1 organizado<br \/>\npor el Club de Pesca Faro de la Entallada.<\/p>\n<p>De esta manera, Reserva de la Biosfera apuesta<br \/>\npor actividades sostenibles en el mar y por el desarrollo de buenas pr\u00e1cticas a<br \/>\nla hora del desarrollo de actividades n\u00e1uticas en su \u00e1rea marina.<\/p>\n<p>El hecho de que el campeonato de pesca de<br \/>\naltura haya pasado a la categor\u00eda de Marcaje y suelta y la apuesta de sus<br \/>\norganizadores por buenas pr\u00e1cticas se ver\u00e1 reforzado por una importante<br \/>\npresencia de la Reserva de la Biosfera y el \u00e1rea de Econom\u00eda Azul a trav\u00e9s de<br \/>\nun stand mixto con elementos m\u00e1s tradicionales como modelos de peces<br \/>\nemblem\u00e1ticos a escala aumentada, paneles informativos sobre los recursos<br \/>\nnaturales marinos, contaminaci\u00f3n por pl\u00e1sticos y desarrollo de oportunidades de<br \/>\neconom\u00eda azul sostenible con\u00a0 inmersiones<br \/>\nvirtuales con gafas 3D como herramienta tecnol\u00f3gica \u00a0divulgativa completara el despliegue. <\/p>\n<p>El mar, las playas y los fondos marinos que<br \/>\nrodean Fuerteventura est\u00e1n incluidos en el \u00e1rea marina de la Reserva de la<br \/>\nBiosfera que se extiende por una superficie de 175.436 Ha, la m\u00e1s grande del<br \/>\narchipi\u00e9lago. Su biodiversidad y riqueza es extraordinaria, siendo frecuentada<br \/>\npor 4 de las 6 especies de tortugas marinas, y 32 especies de cet\u00e1ceos, algunos<br \/>\nresidentes como los calderones grises. As\u00ed como multitud de aves marinas. Sus<br \/>\nfondos con praderas de sebas, algas y corales son vivero y refugio de una gran<br \/>\nvariedad de especies de peces, crust\u00e1ceos y moluscos. La explotaci\u00f3n sostenible<br \/>\nde los recursos y la pr\u00e1ctica deportiva deben ser compatibles con su<br \/>\nconservaci\u00f3n. <\/p>\n<p>Marlene Figueroa, consejera de Turismo,<br \/>\nEconom\u00eda azul y Reserva de la Biosfera resalt\u00f3 la necesidad de encontrar formas<br \/>\nde uso sostenible del mar y la costa, desarrollando actividades compatibles<br \/>\ncomo han hecho los profesionales de la pesca, retirando artes de pesca no<br \/>\nselectivas que son un ejemplo en el archipi\u00e9lago. El mar que ha sido motor de<br \/>\nla econom\u00eda de nuestros pueblos pesqueros y sus gentes y ahora sustento de<br \/>\notras actividades ligadas al turismo debe ser mimado para que conserve toda su<br \/>\nriqueza. Es necesario que seamos conscientes de su fragilidad frente a los<br \/>\nfen\u00f3menos del cambio clim\u00e1tico y la elevaci\u00f3n del nivel del mar, la<br \/>\nacidificaci\u00f3n y la p\u00e9rdida de biodiversidad y todos y todas debemos contribuir<br \/>\na su conservaci\u00f3n esta exposici\u00f3n se enmarca en este esfuerzo de la Reserva de<br \/>\nla Biosfera y el departamento de Econom\u00eda azul por contribuir a este objetivo.<\/p>\n<\/div>\n","protected":false},"excerpt":{"rendered":"<p>11 septiembre, 2025 La Reserva de la Biosfera de Fuerteventura tendr\u00e1 un stand dedicado a los recursos naturales de su \u00e1rea marina en la 29\u00aa edici\u00f3n del Open Internacional de [&hellip;]<\/p>\n","protected":false},"author":1,"featured_media":10755,"comment_status":"open","ping_status":"open","sticky":false,"template":"","format":"standard","meta":{"inline_featured_image":false,"jnews-multi-image_gallery":[],"jnews_single_post":[],"jnews_primary_category":[],"jnews_social_meta":[],"jnews_override_counter":[],"jnews_post_split":[],"footnotes":""},"categories":[58],"tags":[82],"class_list":["post-10753","post","type-post","status-publish","format-standard","has-post-thumbnail","hentry","category-cabildo","tag-fuerteventura"],"jetpack_featured_media_url":"https:\/\/informacionlocal.es\/wp-content\/uploads\/2025\/09\/efe-f.jpeg","_links":{"self":[{"href":"https:\/\/informacionlocal.es\/en\/wp-json\/wp\/v2\/posts\/10753","targetHints":{"allow":["GET"]}}],"collection":[{"href":"https:\/\/informacionlocal.es\/en\/wp-json\/wp\/v2\/posts"}],"about":[{"href":"https:\/\/informacionlocal.es\/en\/wp-json\/wp\/v2\/types\/post"}],"author":[{"embeddable":true,"href":"https:\/\/informacionlocal.es\/en\/wp-json\/wp\/v2\/users\/1"}],"replies":[{"embeddable":true,"href":"https:\/\/informacionlocal.es\/en\/wp-json\/wp\/v2\/comments?post=10753"}],"version-history":[{"count":0,"href":"https:\/\/informacionlocal.es\/en\/wp-json\/wp\/v2\/posts\/10753\/revisions"}],"wp:featuredmedia":[{"embeddable":true,"href":"https:\/\/informacionlocal.es\/en\/wp-json\/wp\/v2\/media\/10755"}],"wp:attachment":[{"href":"https:\/\/informacionlocal.es\/en\/wp-json\/wp\/v2\/media?parent=10753"}],"wp:term":[{"taxonomy":"category","embeddable":true,"href":"https:\/\/informacionlocal.es\/en\/wp-json\/wp\/v2\/categories?post=10753"},{"taxonomy":"post_tag","embeddable":true,"href":"https:\/\/informacionlocal.es\/en\/wp-json\/wp\/v2\/tags?post=10753"}],"curies":[{"name":"wp","href":"https:\/\/api.w.org\/{rel}","templated":true}]}}