{"id":10747,"date":"2025-09-11T21:58:24","date_gmt":"2025-09-11T20:58:24","guid":{"rendered":"https:\/\/informacionlocal.es\/los-colegios-de-pajara-comienzan-el-curso-escolar-2025-2026-con-instalaciones-renovadas\/"},"modified":"2025-09-11T21:58:24","modified_gmt":"2025-09-11T20:58:24","slug":"los-colegios-de-pajara-comienzan-el-curso-escolar-2025-2026-con-instalaciones-renovadas","status":"publish","type":"post","link":"https:\/\/informacionlocal.es\/en\/los-colegios-de-pajara-comienzan-el-curso-escolar-2025-2026-con-instalaciones-renovadas\/","title":{"rendered":"Los colegios de P\u00e1jara comienzan el curso escolar 2025\/2026 con instalaciones renovadas"},"content":{"rendered":"<div class=\"entry-content\">\n<p><b>\u00a0<\/b><b><i>El Ayuntamiento ha llevado a cabo trabajos que han consistido en el arreglo, pintado y mantenimiento de los centros educativos con una inversi\u00f3n de 48.000 euros<\/i><\/b><\/p>\n<p><span>El Ayuntamiento de P\u00e1jara, ante el inicio del curso escolar 2025\/2026, ha llevado a cabo trabajos de renovaci\u00f3n y mejora en los colegios del municipio con una inversi\u00f3n de 48.000 euros<\/span><\/p>\n<p><span>Estas actuaciones, llevadas a cabo a trav\u00e9s de las Concejal\u00edas de Educaci\u00f3n y Obras, han consistido en el arreglo, pintado y mantenimiento de las instalaciones durante los meses de verano, con el objetivo de adecentar los espacios educativos.<\/span><\/p>\n<p><span>El primer teniente de alcalde y concejal de Obras, Alexis Alonso, subraya que estas obras han sido ejecutadas con personal del Consistorio. \u201cEstos trabajos repercuten no solo en la seguridad de los usuarios, peque\u00f1os y docentes, sino en la calidad de la labor de los profesores y cuidadores, para que pueda desarrollarse en las mejores condiciones posibles\u201d, destaca.<\/span><\/p>\n<p><span>Por su parte, la responsable del \u00c1rea de Educaci\u00f3n, \u00c1ngeles Acosta, se\u00f1ala que \u201chemos aprovechado el par\u00f3n de las vacaciones de verano para poder llevar a cabo estos trabajos sin afectar la labor docente\u201d.<\/span><\/p>\n<p><span>En este sentido, el alcalde Alejandro Jorge incide en la necesidad de llevar a cabo este tipo de labores de mantenimiento que benefician a la comunidad educativa de P\u00e1jara. \u201cQueremos que los colegios del municipio sean espacios seguros donde los padres puedan dejar a sus hijos con total confianza\u201d, afirma.<\/span><\/p>\n<p><span>El Consistorio refuerza, con este tipo de acciones, su compromiso con la educaci\u00f3n, promoviendo espacios seguros, adaptados y en las mejores condiciones posibles para que la labor docente y el desarrollo educativo de los m\u00e1s peque\u00f1os no se vean limitados por carencias en los colegios.\u00a0<\/span><\/p>\n<p>\u00a0<\/p>\n<\/div>\n","protected":false},"excerpt":{"rendered":"<p><i>El Ayuntamiento ha llevado a cabo trabajos que han consistido en el arreglo, pintado y mantenimiento de los centros educativos con una inversi\u00f3n de 48.000 euros<\/i><\/p>\n","protected":false},"author":1,"featured_media":10749,"comment_status":"open","ping_status":"open","sticky":false,"template":"","format":"standard","meta":{"inline_featured_image":false,"jnews-multi-image_gallery":[],"jnews_single_post":[],"jnews_primary_category":[],"jnews_social_meta":[],"jnews_override_counter":[],"jnews_post_split":[],"footnotes":""},"categories":[63],"tags":[73],"class_list":["post-10747","post","type-post","status-publish","format-standard","has-post-thumbnail","hentry","category-pajara","tag-educacion"],"jetpack_featured_media_url":"https:\/\/informacionlocal.es\/wp-content\/uploads\/2025\/09\/imagen-de-whatsapp-2025-09-10-a-las-14-01-25_771123de.jpg","_links":{"self":[{"href":"https:\/\/informacionlocal.es\/en\/wp-json\/wp\/v2\/posts\/10747","targetHints":{"allow":["GET"]}}],"collection":[{"href":"https:\/\/informacionlocal.es\/en\/wp-json\/wp\/v2\/posts"}],"about":[{"href":"https:\/\/informacionlocal.es\/en\/wp-json\/wp\/v2\/types\/post"}],"author":[{"embeddable":true,"href":"https:\/\/informacionlocal.es\/en\/wp-json\/wp\/v2\/users\/1"}],"replies":[{"embeddable":true,"href":"https:\/\/informacionlocal.es\/en\/wp-json\/wp\/v2\/comments?post=10747"}],"version-history":[{"count":0,"href":"https:\/\/informacionlocal.es\/en\/wp-json\/wp\/v2\/posts\/10747\/revisions"}],"wp:featuredmedia":[{"embeddable":true,"href":"https:\/\/informacionlocal.es\/en\/wp-json\/wp\/v2\/media\/10749"}],"wp:attachment":[{"href":"https:\/\/informacionlocal.es\/en\/wp-json\/wp\/v2\/media?parent=10747"}],"wp:term":[{"taxonomy":"category","embeddable":true,"href":"https:\/\/informacionlocal.es\/en\/wp-json\/wp\/v2\/categories?post=10747"},{"taxonomy":"post_tag","embeddable":true,"href":"https:\/\/informacionlocal.es\/en\/wp-json\/wp\/v2\/tags?post=10747"}],"curies":[{"name":"wp","href":"https:\/\/api.w.org\/{rel}","templated":true}]}}