{"id":10723,"date":"2025-09-11T17:58:30","date_gmt":"2025-09-11T16:58:30","guid":{"rendered":"https:\/\/informacionlocal.es\/el-ayuntamiento-actua-embelleciendo-la-fachada-de-la-iglesia-de-agua-de-bueyes\/"},"modified":"2025-09-11T17:58:30","modified_gmt":"2025-09-11T16:58:30","slug":"el-ayuntamiento-actua-embelleciendo-la-fachada-de-la-iglesia-de-agua-de-bueyes","status":"publish","type":"post","link":"https:\/\/informacionlocal.es\/en\/el-ayuntamiento-actua-embelleciendo-la-fachada-de-la-iglesia-de-agua-de-bueyes\/","title":{"rendered":"El Ayuntamiento act\u00faa embelleciendo la fachada de la Iglesia de Agua de Bueyes"},"content":{"rendered":"<div class=\"elementor-widget-container\">\n<p><strong>El Ayuntamiento act\u00faa embelleciendo la fachada de la Iglesia de Agua de Bueyes<\/strong><\/p>\n<p><strong>\u2022 El Ayuntamiento act\u00faa embelleciendo la Iglesia de Agua de Bueyes ante el estado de abandono que presenta un Bien de Inter\u00e9s Cultural que data del S. XVII.<\/strong><br \/><strong>\u2022 Agua de Bueyes celebra sus Fiestas en Honor a Nuestra Se\u00f1ora de Guadalupe hasta el s\u00e1bado 20 de septiembre. <\/strong><br \/><strong>\u2022 El preg\u00f3n este jueves a las 21:00 horas en la plaza ser\u00e1 presentado por Dunia Mederos y estar\u00e1 a cargo de los vecinos F\u00e1tima Su\u00e1rez Pe\u00f1a, Juan Mederos Alonso y Francisco Estupi\u00f1\u00e1n De la Cruz.<\/strong><\/p>\n<p>El Ayuntamiento de Antigua act\u00faa en el embellecimiento de la Iglesia de Agua de Bueyes, una actuaci\u00f3n superficial de urgencia y necesidad realizando una limpieza, pintura y arreglos de mantenimiento m\u00ednimo en el exterior de la Iglesia, sobre la que hace a\u00f1os no se act\u00faa desde los \u00f3rganos competentes para restaurar un Bien de Inter\u00e9s Cultural que data del s. XVII y que fue construida gracias a la ayuda e intervenci\u00f3n de los vecinos y vecinas del pueblo, afirma el alcalde, Mat\u00edas Pe\u00f1a Garc\u00eda.<\/p>\n<p>Limpiar la piedra de los bancos de descanso en los muros externos de la Iglesia de Agua de Bueyes, adem\u00e1s de encalar y pintar su fachada exterior, limpiar todos los accesos de malas hierbas, matojos o basura, son alguna de las actuaciones realizadas por el Ayuntamiento de Antigua con la coordinaci\u00f3n de las concejal\u00edas de Patrimonio Hist\u00f3rico y Obras y Servicios, dirigidas respectivamente por la concejala Sandra Torres Soto y el concejal Juan Cabrera Pe\u00f1a.<\/p>\n<p>Una limpieza y embellecimiento que era necesario y requerido por los vecinos y vecinas del pueblo, ante el aspecto que presentaba la Iglesia de Agua de Bueyes para encarar como es debido sus fiestas patronales en Honor a Nuestra Se\u00f1ora de Guadalupe, ofrecen que ofrecen esta noche de jueves el Preg\u00f3n a cargo de F\u00e1tima Su\u00e1rez Pe\u00f1a, Juan Mederos Alonso y Francisco Estupi\u00f1\u00e1n De la Cruz.<\/p>\n<p>\u00a0<\/p>\n<\/div>\n","protected":false},"excerpt":{"rendered":"<p><strong>El Ayuntamiento act\u00faa embelleciendo la fachada de la Iglesia de Agua de Bueyes<\/strong><\/p>\n","protected":false},"author":1,"featured_media":10725,"comment_status":"open","ping_status":"open","sticky":false,"template":"","format":"standard","meta":{"inline_featured_image":false,"jnews-multi-image_gallery":[],"jnews_single_post":[],"jnews_primary_category":[],"jnews_social_meta":[],"jnews_override_counter":[],"jnews_post_split":[],"footnotes":""},"categories":[59],"tags":[],"class_list":["post-10723","post","type-post","status-publish","format-standard","has-post-thumbnail","hentry","category-antigua"],"jetpack_featured_media_url":"https:\/\/informacionlocal.es\/wp-content\/uploads\/2025\/09\/antigua-adecenta-y-embellece-la-iglesia-de-agua-de-bueyes-1-scaled-1.jpg","_links":{"self":[{"href":"https:\/\/informacionlocal.es\/en\/wp-json\/wp\/v2\/posts\/10723","targetHints":{"allow":["GET"]}}],"collection":[{"href":"https:\/\/informacionlocal.es\/en\/wp-json\/wp\/v2\/posts"}],"about":[{"href":"https:\/\/informacionlocal.es\/en\/wp-json\/wp\/v2\/types\/post"}],"author":[{"embeddable":true,"href":"https:\/\/informacionlocal.es\/en\/wp-json\/wp\/v2\/users\/1"}],"replies":[{"embeddable":true,"href":"https:\/\/informacionlocal.es\/en\/wp-json\/wp\/v2\/comments?post=10723"}],"version-history":[{"count":0,"href":"https:\/\/informacionlocal.es\/en\/wp-json\/wp\/v2\/posts\/10723\/revisions"}],"wp:featuredmedia":[{"embeddable":true,"href":"https:\/\/informacionlocal.es\/en\/wp-json\/wp\/v2\/media\/10725"}],"wp:attachment":[{"href":"https:\/\/informacionlocal.es\/en\/wp-json\/wp\/v2\/media?parent=10723"}],"wp:term":[{"taxonomy":"category","embeddable":true,"href":"https:\/\/informacionlocal.es\/en\/wp-json\/wp\/v2\/categories?post=10723"},{"taxonomy":"post_tag","embeddable":true,"href":"https:\/\/informacionlocal.es\/en\/wp-json\/wp\/v2\/tags?post=10723"}],"curies":[{"name":"wp","href":"https:\/\/api.w.org\/{rel}","templated":true}]}}