{"id":10711,"date":"2025-09-11T10:03:16","date_gmt":"2025-09-11T09:03:16","guid":{"rendered":"https:\/\/informacionlocal.es\/el-centro-de-arte-juan-ismael-inaugura-la-exposicion-invictus-la-gran-retrospectiva-de-klaus-berends\/"},"modified":"2025-09-11T10:03:16","modified_gmt":"2025-09-11T09:03:16","slug":"el-centro-de-arte-juan-ismael-inaugura-la-exposicion-invictus-la-gran-retrospectiva-de-klaus-berends","status":"publish","type":"post","link":"https:\/\/informacionlocal.es\/en\/el-centro-de-arte-juan-ismael-inaugura-la-exposicion-invictus-la-gran-retrospectiva-de-klaus-berends\/","title":{"rendered":"\ufeffEl Centro de Arte Juan Ismael inaugura la exposici\u00f3n \u2018INVICTUS\u2019, la gran retrospectiva de Klaus Berends"},"content":{"rendered":"<div class=\"entry-content\"><strong>11 septiembre, 2025<\/strong><\/p>\n<p><strong><em>La obra re\u00fane cuatro d\u00e9cadas de creaci\u00f3n art\u00edstica y permanecer\u00e1 expuesta hasta enero de 2026<\/em><\/strong><\/p>\n<p>El Centro de Arte Juan Ismael ha inaugurado la muestra \u2018INVICTUS\u2019 del artista Klaus Berends, que recorre la trayectoria profesional del artista alem\u00e1n, residente en Fuerteventura desde 1986. Estar\u00e1 expuesta al p\u00fablico hasta enero de 2026.<\/p>\n<p>Producida por la Viceconsejer\u00eda de Cultura del Gobierno de Canarias y comisariada por Alejandro Gopar, \u2018INVICTUS\u2019 ofrece al p\u00fablico la oportunidad de adentrarse en una obra marcada por la fuerza expresiva y la coherencia de un lenguaje art\u00edstico propio, mostrando la trayectoria de Berends, desde sus inicios a bordo de un barco carguero hasta su consolidaci\u00f3n como creador contempor\u00e1neo en Fuerteventura.<\/p>\n<p>Para el consejero insular de Cultura, Rayco Le\u00f3n, \u201ces un placer dar la bienvenida en el CAJI a la obra de un artista que lleva cuarenta a\u00f1os relacionado con Fuerteventura, gracias al Gobierno de Canarias\u201d. \u201cUna exposici\u00f3n que rinde tributo a diferentes tiempos de Klaus: desde los ochenta hasta ahora, con un discurso que sigue siendo muy actual\u201d.<\/p>\n<p>Seg\u00fan resalt\u00f3 el viceconsejero de Cultura del Gobierno de Canarias, Horacio Umpi\u00e9rrez, \u201cestamos contentos de que Invictus haya llegado hasta Fuerteventura. La obra de Klaus Berends es siempre una apuesta segura, porque nos ofrece su particular visi\u00f3n de nuestra historia contempor\u00e1nea, siempre comprometido con su entorno y con lo que ha ido encontrando en su recorrido art\u00edstico\u201d.\u00a0<\/p>\n<p>El comisario de la muestra, Alejandro Gopar, expres\u00f3 el honor que supone compartir la obra de un artista \u201cque conozco desde la ni\u00f1ez, y que deja el centro de Europa para continuar con su proyecto en Fuerteventura\u201d.<\/p>\n<p>Durante la inauguraci\u00f3n, Klaus Berends se mostr\u00f3 emocionado y agradecido por poder exponer una antolog\u00eda sobre los cuarenta a\u00f1os de su obra.<\/p>\n<p>La exposici\u00f3n permanecer\u00e1 en el CAJI hasta enero de 2026, ofreciendo a visitantes y residentes la oportunidad de adentrarse en una obra marcada por la fuerza expresiva y la coherencia de un lenguaje art\u00edstico propio.<\/p>\n<p>La muestra ya ha sido expuesta en el Centro de Arte La Regenta y en La Sala de<\/p>\n<p>Exposiciones del Cabrera Pinto entre los a\u00f1os 2024 y principios de 2025. La exhibici\u00f3n en el CAJI ser\u00e1 la tercera itinerancia de este proyecto expositivo retrospectivo.<\/p>\n<\/div>\n","protected":false},"excerpt":{"rendered":"<p>11 septiembre, 2025 La obra re\u00fane cuatro d\u00e9cadas de creaci\u00f3n art\u00edstica y permanecer\u00e1 expuesta hasta enero de 2026 El Centro de Arte Juan Ismael ha inaugurado la muestra \u2018INVICTUS\u2019 del [&hellip;]<\/p>\n","protected":false},"author":1,"featured_media":10713,"comment_status":"open","ping_status":"open","sticky":false,"template":"","format":"standard","meta":{"inline_featured_image":false,"jnews-multi-image_gallery":[],"jnews_single_post":[],"jnews_primary_category":[],"jnews_social_meta":[],"jnews_override_counter":[],"jnews_post_split":[],"footnotes":""},"categories":[58],"tags":[82],"class_list":["post-10711","post","type-post","status-publish","format-standard","has-post-thumbnail","hentry","category-cabildo","tag-fuerteventura"],"jetpack_featured_media_url":"https:\/\/informacionlocal.es\/wp-content\/uploads\/2025\/09\/ere.jpeg","_links":{"self":[{"href":"https:\/\/informacionlocal.es\/en\/wp-json\/wp\/v2\/posts\/10711","targetHints":{"allow":["GET"]}}],"collection":[{"href":"https:\/\/informacionlocal.es\/en\/wp-json\/wp\/v2\/posts"}],"about":[{"href":"https:\/\/informacionlocal.es\/en\/wp-json\/wp\/v2\/types\/post"}],"author":[{"embeddable":true,"href":"https:\/\/informacionlocal.es\/en\/wp-json\/wp\/v2\/users\/1"}],"replies":[{"embeddable":true,"href":"https:\/\/informacionlocal.es\/en\/wp-json\/wp\/v2\/comments?post=10711"}],"version-history":[{"count":0,"href":"https:\/\/informacionlocal.es\/en\/wp-json\/wp\/v2\/posts\/10711\/revisions"}],"wp:featuredmedia":[{"embeddable":true,"href":"https:\/\/informacionlocal.es\/en\/wp-json\/wp\/v2\/media\/10713"}],"wp:attachment":[{"href":"https:\/\/informacionlocal.es\/en\/wp-json\/wp\/v2\/media?parent=10711"}],"wp:term":[{"taxonomy":"category","embeddable":true,"href":"https:\/\/informacionlocal.es\/en\/wp-json\/wp\/v2\/categories?post=10711"},{"taxonomy":"post_tag","embeddable":true,"href":"https:\/\/informacionlocal.es\/en\/wp-json\/wp\/v2\/tags?post=10711"}],"curies":[{"name":"wp","href":"https:\/\/api.w.org\/{rel}","templated":true}]}}