{"id":1071,"date":"2025-04-10T17:14:29","date_gmt":"2025-04-10T17:14:29","guid":{"rendered":"https:\/\/informacionlocal.es\/pajara-shows-the-best-of-its-primary-sector-at-the-feaga-2025-fair\/"},"modified":"2025-04-14T09:52:27","modified_gmt":"2025-04-14T09:52:27","slug":"pajara-shows-the-best-of-its-primary-sector-at-the-feaga-2025-fair","status":"publish","type":"post","link":"https:\/\/informacionlocal.es\/en\/pajara-shows-the-best-of-its-primary-sector-at-the-feaga-2025-fair\/","title":{"rendered":"P\u00e1jara shows the best of its primary sector at the Feaga 2025 fair."},"content":{"rendered":"<div class=\"entry-content\">\n<p><b><i>With its presence, the municipality promotes the quality of local products and the efforts of its producers.<\/i><\/b><\/p>\n<p><span>  The City Council of P\u00e1jara inaugurated this Friday, April 4, its stand at the Agricultural, Livestock and Fisheries Fair Feaga 2025, a key event for the promotion and development of the primary sector on the island. The fair, held at the Experimental Farm of Pozo Negro, in the municipality of Antigua, will be open until Sunday, April 6.   <\/span><\/p>\n<p><span>At the inauguration, several members of the municipal corporation were present, among them the mayor of P\u00e1jara, Alejandro Jorge, and the councilman of the Primary Sector, Jos\u00e9 Manuel D\u00edaz.  <\/span><\/p>\n<p><span>The councilman of Primary Sector, Jos\u00e9 Manuel D\u00edaz, said that &#8220;from the Department of Agriculture, Livestock and Fisheries we want to value the daily work of those who keep alive our traditions and ensure fresh and quality products. Betting on the local product is to strengthen our economy, take care of our territory and support a sustainable model&#8221;. He also stressed that &#8220;we continue to support and consume what is ours to ensure the future of the primary sector and our community&#8221;.   <\/span><\/p>\n<p><span>For his part, the mayor of P\u00e1jara, Alejandro Jorge, stressed the commitment that the municipality has with local producers. &#8220;The stand of P\u00e1jara is a reflection of the continuous effort of our people, who work with dedication to bring the best of our countryside and sea to consumers.&#8221; In addition, he noted that &#8220;this event is a platform to strengthen ties and strengthen our identity as a municipality.&#8221;    <\/span><\/p>\n<p><span>In this new edition, P\u00e1jara&#8217;s stand has been designed to highlight the richness and variety of local products. This space aims to highlight the effort and dedication of farmers, ranchers and fishermen of the municipality.   <\/span><\/p>\n<\/p>\n<div>Share<\/div>\n<\/div>\n","protected":false},"excerpt":{"rendered":"<p><i>With its presence, the municipality promotes the quality of local products and the efforts of its producers.<\/i><\/p>\n","protected":false},"author":1,"featured_media":638,"comment_status":"open","ping_status":"open","sticky":false,"template":"","format":"standard","meta":{"inline_featured_image":false,"jnews-multi-image_gallery":[],"jnews_single_post":[],"jnews_primary_category":[],"jnews_social_meta":[],"jnews_override_counter":[],"jnews_post_split":[],"footnotes":""},"categories":[296],"tags":[189,187,190,188,186],"class_list":["post-1071","post","type-post","status-publish","format-standard","has-post-thumbnail","hentry","category-pajara-en","tag-cultura-y-ocio-en","tag-eventos-en","tag-fuerteventura-en","tag-medio-ambiente-en","tag-municipios-en"],"jetpack_featured_media_url":"https:\/\/informacionlocal.es\/wp-content\/uploads\/2025\/04\/feaga-20251.jpeg","_links":{"self":[{"href":"https:\/\/informacionlocal.es\/en\/wp-json\/wp\/v2\/posts\/1071","targetHints":{"allow":["GET"]}}],"collection":[{"href":"https:\/\/informacionlocal.es\/en\/wp-json\/wp\/v2\/posts"}],"about":[{"href":"https:\/\/informacionlocal.es\/en\/wp-json\/wp\/v2\/types\/post"}],"author":[{"embeddable":true,"href":"https:\/\/informacionlocal.es\/en\/wp-json\/wp\/v2\/users\/1"}],"replies":[{"embeddable":true,"href":"https:\/\/informacionlocal.es\/en\/wp-json\/wp\/v2\/comments?post=1071"}],"version-history":[{"count":1,"href":"https:\/\/informacionlocal.es\/en\/wp-json\/wp\/v2\/posts\/1071\/revisions"}],"predecessor-version":[{"id":1520,"href":"https:\/\/informacionlocal.es\/en\/wp-json\/wp\/v2\/posts\/1071\/revisions\/1520"}],"wp:featuredmedia":[{"embeddable":true,"href":"https:\/\/informacionlocal.es\/en\/wp-json\/wp\/v2\/media\/638"}],"wp:attachment":[{"href":"https:\/\/informacionlocal.es\/en\/wp-json\/wp\/v2\/media?parent=1071"}],"wp:term":[{"taxonomy":"category","embeddable":true,"href":"https:\/\/informacionlocal.es\/en\/wp-json\/wp\/v2\/categories?post=1071"},{"taxonomy":"post_tag","embeddable":true,"href":"https:\/\/informacionlocal.es\/en\/wp-json\/wp\/v2\/tags?post=1071"}],"curies":[{"name":"wp","href":"https:\/\/api.w.org\/{rel}","templated":true}]}}