{"id":10647,"date":"2025-09-10T11:59:37","date_gmt":"2025-09-10T10:59:37","guid":{"rendered":"https:\/\/informacionlocal.es\/el-ayuntamiento-de-puerto-del-rosario-impulsa-el-programa-de-refuerzo-escolar-2025\/"},"modified":"2025-09-10T11:59:37","modified_gmt":"2025-09-10T10:59:37","slug":"el-ayuntamiento-de-puerto-del-rosario-impulsa-el-programa-de-refuerzo-escolar-2025","status":"publish","type":"post","link":"https:\/\/informacionlocal.es\/en\/el-ayuntamiento-de-puerto-del-rosario-impulsa-el-programa-de-refuerzo-escolar-2025\/","title":{"rendered":"El Ayuntamiento de Puerto del Rosario impulsa el Programa de Refuerzo Escolar 2025"},"content":{"rendered":"<div class=\"entry-content\">\n<ul>\n<li><strong>Seis maestros y dos integradoras sociales prestar\u00e1n apoyo educativo a ni\u00f1os y ni\u00f1as de entre 6 y 12 a\u00f1os en diferentes pueblos y barrios del municipio a partir del 15 de septiembre<\/strong><strong>\u00a0<\/strong><\/li>\n<\/ul>\n<p><strong>En Puerto del Rosario, a 10 de septiembre de 2025.-<\/strong> El Ayuntamiento de Puerto del Rosario pone en marcha el Programa de Refuerzo Escolar 2025, incluido en el proyecto <em>Bregando por Puerto<\/em>. La iniciativa arranca el pr\u00f3ximo 15 de septiembre y est\u00e1 dirigida a alumnado de etapa primaria (6 a 12 a\u00f1os).<\/p>\n<p>El programa contar\u00e1 con la implicaci\u00f3n de seis maestros y maestras, junto al apoyo de dos integradoras sociales, que prestar\u00e1n servicio en diferentes centros culturales y polivalentes del municipio, abarcando tanto barrios de la capital como pueblos del entorno rural.<\/p>\n<p><img loading=\"lazy\" decoding=\"async\" loading=\"lazy\" class=\"size-large wp-image-156997 aligncenter\" src=\"https:\/\/informacionlocal.es\/wp-content\/uploads\/2025\/09\/programa-refuerzo-escolar-724x1024-1.jpeg\" width=\"724\" height=\"1024\" title=\"programa-refuerzo-escolar-724x1024-1\"><\/p>\n<p>El alcalde de Puerto del Rosario, David de Vera, explic\u00f3 que \u201ceste refuerzo escolar es una oportunidad para que muchos ni\u00f1os y ni\u00f1as tengan un apoyo extra en su formaci\u00f3n, algo que supone un gran alivio tambi\u00e9n para las familias. La educaci\u00f3n es la mejor herramienta de futuro y queremos que ning\u00fan estudiante se quede atr\u00e1s\u201d.<\/p>\n<p>Por su parte, la concejala de Desarrollo Local, \u00c9rica Gonz\u00e1lez, se\u00f1al\u00f3 que \u201ceste proyecto no solo busca mejorar el rendimiento acad\u00e9mico, sino tambi\u00e9n acompa\u00f1ar a los menores en un proceso de aprendizaje m\u00e1s cercano y motivador. La presencia de maestros e integradoras sociales en los barrios y pueblos nos permite llegar a m\u00e1s familias y ofrecer un recurso gratuito y de calidad\u201d.<\/p>\n<p>Las familias interesadas podr\u00e1n formalizar la inscripci\u00f3n a trav\u00e9s del c\u00f3digo QR disponible en el cartel del programa o contactar en el correo bppeducaci\u00f3nt@gmail.com y en el tel\u00e9fono 928 85 00 04.<\/p>\n<\/div>\n","protected":false},"excerpt":{"rendered":"<p>Seis maestros y dos integradoras sociales prestar\u00e1n apoyo educativo a ni\u00f1os y ni\u00f1as de entre 6 y 12 a\u00f1os en diferentes pueblos y barrios del municipio a partir del 15 [&hellip;]<\/p>\n","protected":false},"author":1,"featured_media":10649,"comment_status":"open","ping_status":"open","sticky":false,"template":"","format":"standard","meta":{"inline_featured_image":false,"jnews-multi-image_gallery":[],"jnews_single_post":[],"jnews_primary_category":[],"jnews_social_meta":[],"jnews_override_counter":[],"jnews_post_split":[],"footnotes":""},"categories":[61],"tags":[73],"class_list":["post-10647","post","type-post","status-publish","format-standard","has-post-thumbnail","hentry","category-puerto-del-rosario","tag-educacion"],"jetpack_featured_media_url":"https:\/\/informacionlocal.es\/wp-content\/uploads\/2025\/09\/refuerzo-escolar.png","_links":{"self":[{"href":"https:\/\/informacionlocal.es\/en\/wp-json\/wp\/v2\/posts\/10647","targetHints":{"allow":["GET"]}}],"collection":[{"href":"https:\/\/informacionlocal.es\/en\/wp-json\/wp\/v2\/posts"}],"about":[{"href":"https:\/\/informacionlocal.es\/en\/wp-json\/wp\/v2\/types\/post"}],"author":[{"embeddable":true,"href":"https:\/\/informacionlocal.es\/en\/wp-json\/wp\/v2\/users\/1"}],"replies":[{"embeddable":true,"href":"https:\/\/informacionlocal.es\/en\/wp-json\/wp\/v2\/comments?post=10647"}],"version-history":[{"count":0,"href":"https:\/\/informacionlocal.es\/en\/wp-json\/wp\/v2\/posts\/10647\/revisions"}],"wp:featuredmedia":[{"embeddable":true,"href":"https:\/\/informacionlocal.es\/en\/wp-json\/wp\/v2\/media\/10649"}],"wp:attachment":[{"href":"https:\/\/informacionlocal.es\/en\/wp-json\/wp\/v2\/media?parent=10647"}],"wp:term":[{"taxonomy":"category","embeddable":true,"href":"https:\/\/informacionlocal.es\/en\/wp-json\/wp\/v2\/categories?post=10647"},{"taxonomy":"post_tag","embeddable":true,"href":"https:\/\/informacionlocal.es\/en\/wp-json\/wp\/v2\/tags?post=10647"}],"curies":[{"name":"wp","href":"https:\/\/api.w.org\/{rel}","templated":true}]}}