{"id":10593,"date":"2025-09-09T15:59:26","date_gmt":"2025-09-09T14:59:26","guid":{"rendered":"https:\/\/informacionlocal.es\/las-cuadrillas-preparan-los-escenarios-naturales-de-betancuria-para-celebrar-la-pena-con-seguridad-y-esplendor\/"},"modified":"2025-09-09T15:59:26","modified_gmt":"2025-09-09T14:59:26","slug":"las-cuadrillas-preparan-los-escenarios-naturales-de-betancuria-para-celebrar-la-pena-con-seguridad-y-esplendor","status":"publish","type":"post","link":"https:\/\/informacionlocal.es\/en\/las-cuadrillas-preparan-los-escenarios-naturales-de-betancuria-para-celebrar-la-pena-con-seguridad-y-esplendor\/","title":{"rendered":"Las cuadrillas preparan los escenarios naturales de Betancuria para celebrar La Pe\u00f1a con seguridad y esplendor"},"content":{"rendered":"<div class=\"entry-content\"><strong>9 septiembre, 2025<\/strong><\/p>\n<p><strong>\u2018Fuerteventura, bonita por naturaleza\u2019 realiza m\u00faltiples trabajos de adecentamiento, desbroce, retirada de residuos y poda para evitar inundaciones<\/strong><\/p>\n<p>El Cabildo de Fuerteventura, desde el servicio de Obras y Maquinaria, y en coordinaci\u00f3n con el Ayuntamiento de Betancuria y otros servicios insulares, participa activamente en los trabajos de acondicionamiento de infraestructuras y parajes naturales donde tendr\u00e1n lugar los principales actos en Honor a Nuestra Se\u00f1ora de La Pe\u00f1a, patrona de Fuerteventura.<\/p>\n<p>La presidenta insular, Lola Garc\u00eda, y el consejero del \u00e1rea, Blas Acosta, destacan la importancia de estas medidas para garantizar que el entorno se encuentre en las mejores condiciones posibles para la llegada de los peregrinos y peregrinas. Asimismo, estas labores tambi\u00e9n buscan la seguridad y comodidad de los caminantes durante su recorrido.<\/p>\n<p>Las cuadrillas del programa \u2018Fuerteventura, bonita por naturaleza\u2019 realizan batidas en el barranco de Betancuria hasta el pueblo de Vega del R\u00edo Palmas. Centran sus esfuerzos en el desbroce y poda de los m\u00e1rgenes del barranco y en la retirada de residuos.<\/p>\n<p>Estas acciones, adem\u00e1s de la aplicaci\u00f3n de recebe en algunas zonas, mejoran el tr\u00e1nsito y la seguridad de los miles de participantes en los actos de La Pe\u00f1a.<\/p>\n<p>Tienen especial trascendencia los trabajos sobre el cauce del barranco, en concreto la poda y retirada de maleza, hojas secas de palmeras y arbustos que impedir\u00edan el paso natural del agua en caso de lluvia, tanto del cauce como en las bocas de entrada y salida de las obras de drenaje transversal. Con ello se minimiza el riesgo de inundaciones que pudieran deslucir las celebraciones.<\/p>\n<p>El encargo \u2018Fuerteventura, bonita por naturaleza\u2019 realizado por el departamento que dirige Blas Acosta a Gesplan contempla actuaciones a largo de 15 meses, entre 2024 y 2025. Durante ambos ejercicios se invertir\u00e1n cuatro millones de euros de financiaci\u00f3n propia en cerca de un centenar de \u201cacciones de cercan\u00eda\u201d que inciden directamente en la conservaci\u00f3n del entorno natural, en la buena percepci\u00f3n de los visitantes y en la calidad de vida de los residentes.<\/p>\n<\/div>\n","protected":false},"excerpt":{"rendered":"<p>9 septiembre, 2025 \u2018Fuerteventura, bonita por naturaleza\u2019 realiza m\u00faltiples trabajos de adecentamiento, desbroce, retirada de residuos y poda para evitar inundaciones El Cabildo de Fuerteventura, desde el servicio de Obras [&hellip;]<\/p>\n","protected":false},"author":1,"featured_media":10595,"comment_status":"open","ping_status":"open","sticky":false,"template":"","format":"standard","meta":{"inline_featured_image":false,"jnews-multi-image_gallery":[],"jnews_single_post":[],"jnews_primary_category":[],"jnews_social_meta":[],"jnews_override_counter":[],"jnews_post_split":[],"footnotes":""},"categories":[58],"tags":[82],"class_list":["post-10593","post","type-post","status-publish","format-standard","has-post-thumbnail","hentry","category-cabildo","tag-fuerteventura"],"jetpack_featured_media_url":"https:\/\/informacionlocal.es\/wp-content\/uploads\/2025\/09\/preparativospec3b1a3.jpeg","_links":{"self":[{"href":"https:\/\/informacionlocal.es\/en\/wp-json\/wp\/v2\/posts\/10593","targetHints":{"allow":["GET"]}}],"collection":[{"href":"https:\/\/informacionlocal.es\/en\/wp-json\/wp\/v2\/posts"}],"about":[{"href":"https:\/\/informacionlocal.es\/en\/wp-json\/wp\/v2\/types\/post"}],"author":[{"embeddable":true,"href":"https:\/\/informacionlocal.es\/en\/wp-json\/wp\/v2\/users\/1"}],"replies":[{"embeddable":true,"href":"https:\/\/informacionlocal.es\/en\/wp-json\/wp\/v2\/comments?post=10593"}],"version-history":[{"count":0,"href":"https:\/\/informacionlocal.es\/en\/wp-json\/wp\/v2\/posts\/10593\/revisions"}],"wp:featuredmedia":[{"embeddable":true,"href":"https:\/\/informacionlocal.es\/en\/wp-json\/wp\/v2\/media\/10595"}],"wp:attachment":[{"href":"https:\/\/informacionlocal.es\/en\/wp-json\/wp\/v2\/media?parent=10593"}],"wp:term":[{"taxonomy":"category","embeddable":true,"href":"https:\/\/informacionlocal.es\/en\/wp-json\/wp\/v2\/categories?post=10593"},{"taxonomy":"post_tag","embeddable":true,"href":"https:\/\/informacionlocal.es\/en\/wp-json\/wp\/v2\/tags?post=10593"}],"curies":[{"name":"wp","href":"https:\/\/api.w.org\/{rel}","templated":true}]}}