{"id":10579,"date":"2025-09-09T14:59:18","date_gmt":"2025-09-09T13:59:18","guid":{"rendered":"https:\/\/informacionlocal.es\/la-oficina-de-informacion-turistica-de-puerto-del-rosario-recibe-la-distincion-de-calidad-turistica-sicted\/"},"modified":"2025-09-09T14:59:18","modified_gmt":"2025-09-09T13:59:18","slug":"la-oficina-de-informacion-turistica-de-puerto-del-rosario-recibe-la-distincion-de-calidad-turistica-sicted","status":"publish","type":"post","link":"https:\/\/informacionlocal.es\/en\/la-oficina-de-informacion-turistica-de-puerto-del-rosario-recibe-la-distincion-de-calidad-turistica-sicted\/","title":{"rendered":"La Oficina de Informaci\u00f3n Tur\u00edstica de Puerto del Rosario recibe la distinci\u00f3n de Calidad Tur\u00edstica SICTED"},"content":{"rendered":"<div class=\"entry-content\">\n<ul>\n<li><span><strong>Un reconocimiento al compromiso de la capital majorera con la excelencia en la atenci\u00f3n al visitante<\/strong><\/span><\/li>\n<\/ul>\n<p><strong>\u00a0<\/strong><span><strong>En Puerto del Rosario, a 9 de septiembre de 2025.-<\/strong> La Oficina de Informaci\u00f3n Tur\u00edstica (OIT) de Puerto del Rosario ha sido distinguida con el sello de Calidad Tur\u00edstica SICTED, un reconocimiento que acredita su esfuerzo constante por ofrecer un servicio cercano, actualizado y de m\u00e1xima calidad a quienes visitan la capital majorera.<\/span><\/p>\n<p><span>La entrega de distinciones tuvo lugar este lunes en el Parque Tecnol\u00f3gico de Fuerteventura, en un acto organizado por el Patronato de Turismo del Cabildo, en el que fueron reconocidas una quincena de empresas y servicios tur\u00edsticos de la isla.<\/span><\/p>\n<p><span>El alcalde de Puerto del Rosario, David de Vera, destac\u00f3 que \u201cla Oficina de Informaci\u00f3n Tur\u00edstica es mucho m\u00e1s que un punto de referencia para los visitantes, es la carta de presentaci\u00f3n de nuestra capital. Que reciba este sello significa que el trabajo que se hace d\u00eda a d\u00eda, atendiendo a miles de turistas con profesionalidad, est\u00e1 a la altura de los m\u00e1s altos est\u00e1ndares de calidad tur\u00edstica\u201d.<\/span><\/p>\n<p><img loading=\"lazy\" decoding=\"async\" loading=\"lazy\" class=\"size-large wp-image-156988 aligncenter\" src=\"https:\/\/informacionlocal.es\/wp-content\/uploads\/2025\/09\/20250908_turismo_distinciones_sicted-5-1024x682-1.jpg\" width=\"1024\" height=\"682\" title=\"20250908_turismo_distinciones_sicted-5-1024x682-1\"><\/p>\n<p><span>Por su parte, la concejala de Turismo, Rosa Rodr\u00edguez, subray\u00f3 que \u201ceste reconocimiento avala el esfuerzo del equipo de la OIT, que no solo informa, sino que acompa\u00f1a a quienes llegan a Puerto del Rosario, mostrando todo lo que la ciudad y el municipio pueden ofrecer. Apostamos por un turismo de calidad y sostenible, y este sello nos anima a seguir en esa direcci\u00f3n\u201d.<\/span><\/p>\n<p><span>El Ayuntamiento de Puerto del Rosario quiere adem\u00e1s trasladar su felicitaci\u00f3n a <strong>Laurens Peluqueros<\/strong>, empresa local tambi\u00e9n distinguida en esta edici\u00f3n, cuyo trabajo demuestra que la excelencia y la innovaci\u00f3n no solo est\u00e1n en los grandes servicios tur\u00edsticos, sino tambi\u00e9n en el comercio y la atenci\u00f3n diaria que se ofrece desde nuestro municipio.<\/span><\/p>\n<p><img loading=\"lazy\" decoding=\"async\" loading=\"lazy\" class=\"size-large wp-image-156989 aligncenter\" src=\"https:\/\/informacionlocal.es\/wp-content\/uploads\/2025\/09\/20250908_turismo_distinciones_sicted-17-1024x669-1.jpg\" width=\"1024\" height=\"669\" title=\"20250908_turismo_distinciones_sicted-17-1024x669-1\"><\/p>\n<p><span>El Sistema Integral de Calidad Tur\u00edstica en Destinos (SICTED), impulsado por la Secretar\u00eda de Estado de Turismo y la FEMP, reconoce las buenas pr\u00e1cticas en la gesti\u00f3n de servicios tur\u00edsticos y el compromiso con la mejora continua. Actualmente, m\u00e1s de 80 empresas y entidades en Fuerteventura cuentan con este distintivo, consolidando a la isla como un destino de referencia en calidad y excelencia.<\/span><\/p>\n<\/div>\n","protected":false},"excerpt":{"rendered":"<p>Un reconocimiento al compromiso de la capital majorera con la excelencia en la atenci\u00f3n al visitante \u00a0En Puerto del Rosario, a 9 de septiembre de 2025.- La Oficina de Informaci\u00f3n [&hellip;]<\/p>\n","protected":false},"author":1,"featured_media":10581,"comment_status":"open","ping_status":"open","sticky":false,"template":"","format":"standard","meta":{"inline_featured_image":false,"jnews-multi-image_gallery":[],"jnews_single_post":[],"jnews_primary_category":[],"jnews_social_meta":[],"jnews_override_counter":[],"jnews_post_split":[],"footnotes":""},"categories":[61],"tags":[82],"class_list":["post-10579","post","type-post","status-publish","format-standard","has-post-thumbnail","hentry","category-puerto-del-rosario","tag-fuerteventura"],"jetpack_featured_media_url":"https:\/\/informacionlocal.es\/wp-content\/uploads\/2025\/09\/distinciones-sicted.png","_links":{"self":[{"href":"https:\/\/informacionlocal.es\/en\/wp-json\/wp\/v2\/posts\/10579","targetHints":{"allow":["GET"]}}],"collection":[{"href":"https:\/\/informacionlocal.es\/en\/wp-json\/wp\/v2\/posts"}],"about":[{"href":"https:\/\/informacionlocal.es\/en\/wp-json\/wp\/v2\/types\/post"}],"author":[{"embeddable":true,"href":"https:\/\/informacionlocal.es\/en\/wp-json\/wp\/v2\/users\/1"}],"replies":[{"embeddable":true,"href":"https:\/\/informacionlocal.es\/en\/wp-json\/wp\/v2\/comments?post=10579"}],"version-history":[{"count":0,"href":"https:\/\/informacionlocal.es\/en\/wp-json\/wp\/v2\/posts\/10579\/revisions"}],"wp:featuredmedia":[{"embeddable":true,"href":"https:\/\/informacionlocal.es\/en\/wp-json\/wp\/v2\/media\/10581"}],"wp:attachment":[{"href":"https:\/\/informacionlocal.es\/en\/wp-json\/wp\/v2\/media?parent=10579"}],"wp:term":[{"taxonomy":"category","embeddable":true,"href":"https:\/\/informacionlocal.es\/en\/wp-json\/wp\/v2\/categories?post=10579"},{"taxonomy":"post_tag","embeddable":true,"href":"https:\/\/informacionlocal.es\/en\/wp-json\/wp\/v2\/tags?post=10579"}],"curies":[{"name":"wp","href":"https:\/\/api.w.org\/{rel}","templated":true}]}}