{"id":10555,"date":"2025-09-09T08:58:22","date_gmt":"2025-09-09T07:58:22","guid":{"rendered":"https:\/\/informacionlocal.es\/cabildo-y-savia-canarias-impulsan-el-emprendimiento-femenino-en-fuerteventura-a-traves-de-un-convenio\/"},"modified":"2025-09-09T08:58:22","modified_gmt":"2025-09-09T07:58:22","slug":"cabildo-y-savia-canarias-impulsan-el-emprendimiento-femenino-en-fuerteventura-a-traves-de-un-convenio","status":"publish","type":"post","link":"https:\/\/informacionlocal.es\/en\/cabildo-y-savia-canarias-impulsan-el-emprendimiento-femenino-en-fuerteventura-a-traves-de-un-convenio\/","title":{"rendered":"Cabildo y Savia Canarias impulsan el emprendimiento femenino en Fuerteventura a trav\u00e9s de un convenio"},"content":{"rendered":"<div class=\"entry-content\"><strong>9 septiembre, 2025<\/strong><\/p>\n<p><strong><em>El acuerdo permitir\u00e1 poner en marcha actividades de formaci\u00f3n, networking y apoyo al tejido empresarial liderado por mujeres en Fuerteventura.<\/em><\/strong><\/p>\n<p>El Cabildo de Fuerteventura, a trav\u00e9s de la Consejer\u00eda de Promoci\u00f3n Econ\u00f3mica, que dirige Nuria Cabrera, ha firmado un convenio de colaboraci\u00f3n con la Asociaci\u00f3n de Emprendedoras y Empresarias \u2018Savia Canarias\u2019 para el desarrollo del proyecto de Fortalecimiento Empresarial Femenino en la Isla.<\/p>\n<p>La iniciativa pretende consolidar el tejido empresarial femenino, diversificar la econom\u00eda insular y apoyar la creaci\u00f3n de nuevas iniciativas en sectores emergentes vinculados a la digitalizaci\u00f3n, la sostenibilidad y la innovaci\u00f3n.<\/p>\n<p>Gracias a este acuerdo, la Corporaci\u00f3n insular apoya econ\u00f3micamente, a trav\u00e9s del FDCAN, una serie de actividades como jornadas de aprendizaje, eventos de networking y encuentros de formaci\u00f3n, dirigidos a reforzar las capacidades de las empresarias de la isla y promover un ecosistema colaborativo y sostenible.<\/p>\n<p>La consejera insular de Promoci\u00f3n Econ\u00f3mica, Nuria Cabrera, subray\u00f3 que \u201ceste convenio se enmarca en la apuesta del Cabildo por el fortalecimiento del tejido empresarial local y por un desarrollo econ\u00f3mico inclusivo, sostenible y con igualdad de oportunidades\u201d.<\/p>\n<p>Desde Savia, destacan que la iniciativa contribuir\u00e1 a visibilizar el talento de las emprendedoras majoreras y a generar nuevas oportunidades de negocio desde una perspectiva colaborativa y de sororidad.<\/p>\n<\/div>\n","protected":false},"excerpt":{"rendered":"<p>9 septiembre, 2025 El acuerdo permitir\u00e1 poner en marcha actividades de formaci\u00f3n, networking y apoyo al tejido empresarial liderado por mujeres en Fuerteventura. El Cabildo de Fuerteventura, a trav\u00e9s de [&hellip;]<\/p>\n","protected":false},"author":1,"featured_media":10557,"comment_status":"open","ping_status":"open","sticky":false,"template":"","format":"standard","meta":{"inline_featured_image":false,"jnews-multi-image_gallery":[],"jnews_single_post":[],"jnews_primary_category":[],"jnews_social_meta":[],"jnews_override_counter":[],"jnews_post_split":[],"footnotes":""},"categories":[58],"tags":[69,82],"class_list":["post-10555","post","type-post","status-publish","format-standard","has-post-thumbnail","hentry","category-cabildo","tag-eventos","tag-fuerteventura"],"jetpack_featured_media_url":"https:\/\/informacionlocal.es\/wp-content\/uploads\/2025\/09\/1757402901-cca1ab1e3596b045802da259d00024d6.jpg","_links":{"self":[{"href":"https:\/\/informacionlocal.es\/en\/wp-json\/wp\/v2\/posts\/10555","targetHints":{"allow":["GET"]}}],"collection":[{"href":"https:\/\/informacionlocal.es\/en\/wp-json\/wp\/v2\/posts"}],"about":[{"href":"https:\/\/informacionlocal.es\/en\/wp-json\/wp\/v2\/types\/post"}],"author":[{"embeddable":true,"href":"https:\/\/informacionlocal.es\/en\/wp-json\/wp\/v2\/users\/1"}],"replies":[{"embeddable":true,"href":"https:\/\/informacionlocal.es\/en\/wp-json\/wp\/v2\/comments?post=10555"}],"version-history":[{"count":0,"href":"https:\/\/informacionlocal.es\/en\/wp-json\/wp\/v2\/posts\/10555\/revisions"}],"wp:featuredmedia":[{"embeddable":true,"href":"https:\/\/informacionlocal.es\/en\/wp-json\/wp\/v2\/media\/10557"}],"wp:attachment":[{"href":"https:\/\/informacionlocal.es\/en\/wp-json\/wp\/v2\/media?parent=10555"}],"wp:term":[{"taxonomy":"category","embeddable":true,"href":"https:\/\/informacionlocal.es\/en\/wp-json\/wp\/v2\/categories?post=10555"},{"taxonomy":"post_tag","embeddable":true,"href":"https:\/\/informacionlocal.es\/en\/wp-json\/wp\/v2\/tags?post=10555"}],"curies":[{"name":"wp","href":"https:\/\/api.w.org\/{rel}","templated":true}]}}