{"id":10537,"date":"2025-09-08T23:58:22","date_gmt":"2025-09-08T22:58:22","guid":{"rendered":"https:\/\/informacionlocal.es\/cabildo-y-gobierno-de-canarias-reconocen-los-cincuenta-anos-de-vicente-hernandez-como-comisionado-de-betancuria\/"},"modified":"2025-09-08T23:58:22","modified_gmt":"2025-09-08T22:58:22","slug":"cabildo-y-gobierno-de-canarias-reconocen-los-cincuenta-anos-de-vicente-hernandez-como-comisionado-de-betancuria","status":"publish","type":"post","link":"https:\/\/informacionlocal.es\/en\/cabildo-y-gobierno-de-canarias-reconocen-los-cincuenta-anos-de-vicente-hernandez-como-comisionado-de-betancuria\/","title":{"rendered":"Cabildo y Gobierno de Canarias reconocen los cincuenta a\u00f1os de Vicente Hern\u00e1ndez como comisionado de Betancuria"},"content":{"rendered":"<div class=\"entry-content\"><strong>8 septiembre, 2025<\/strong><\/p>\n<p>El Cabildo de Fuerteventura y el Gobierno de Canarias han reconocido hoy, 6 de septiembre, al ganadero Vicente Hern\u00e1ndez, por sus cincuenta a\u00f1os como comisionado de Betancuria. Durante la tradicional apa\u00f1ada de ganado de costa de Betancuria, Hern\u00e1ndez recibi\u00f3 un merecido homenaje por parte de ambas administraciones, as\u00ed como de todos los ayuntamientos.<\/p>\n<p>En el acto estuvieron presentes la presidenta del Cabildo, Lola Garc\u00eda, el consejero de Agricultura, Ganader\u00eda, Pesca y Soberan\u00eda Alimentaria, Narvay Quintero, y el consejero de sector primario de la Corporaci\u00f3n insular, Mat\u00edas Pe\u00f1a. Estuvieron acompa\u00f1ados por el alcalde de Betancuria, Enrique Cerde\u00f1a, el director de Ganader\u00eda, Andr\u00e9s D\u00edaz, y la consejera de Turismo del Gobierno de Canarias, Jessica de Le\u00f3n, as\u00ed como otros representantes insulares y municipales.<\/p>\n<p>De esta manera, el Cabildo de Fuerteventura, a trav\u00e9s de la Consejer\u00eda de Agricultura, Ganader\u00eda y Pesca, ha querido reconocer la labor de Vicente Hern\u00e1ndez, que mantiene viva una tradici\u00f3n ancestral majorera. La presidenta del Cabildo, Lola Garc\u00eda, y el consejero de Agricultura, Ganader\u00eda y Pesca, Mat\u00edas Pe\u00f1a, han destacado el trabajo de Vicente Hern\u00e1ndez como referente de una pr\u00e1ctica de gran importancia para el sector primario, pero que adem\u00e1s constituye uno de los elementos m\u00e1s identificativos de la cultura majorera.<\/p>\n<p>Por su parte, el consejero de Agricultura, Ganader\u00eda, Pesca y Soberan\u00eda Alimentaria del Gobierno de Canarias, Narvay Quintero, y el director general de Ganader\u00eda, Andr\u00e9s D\u00edaz, pusieron en valor la labor del comisionado, que ha dedicado cincuenta a\u00f1os de su vida a velar por el patrimonio ganadero de la Isla y preservar una tradici\u00f3n milenaria.\u00a0Su compromiso ha permitido mantener viva la cabra majorera de costa, una raza aut\u00f3ctona de enorme valor, y garantizar la pervivencia de las apa\u00f1adas como expresi\u00f3n de identidad, de comunidad y de respeto al territorio.<\/p>\n<p>Vicente Hern\u00e1ndez Santana, de 79 a\u00f1os y comisionado de la costa de Betancuria desde 1975, es un referente de esta pr\u00e1ctica. Hern\u00e1ndez particip\u00f3 por primera vez en una apa\u00f1ada con apenas once a\u00f1os y desde entonces no ha faltado a ninguna. Su trabajo perdura durante generaciones, ya que ha ense\u00f1ado esta costumbre en los colegios de Fuerteventura.<\/p>\n<p>En la costa de Betancuria, Vicente supervisa la captura del ganado en tres gambuesas: Llano del Sombrero, la Gambuesa Nueva y Janey, manteniendo viva una tradici\u00f3n que combina manejo del ganado, conocimiento del territorio y cooperaci\u00f3n comunitaria.<\/p>\n<\/div>\n","protected":false},"excerpt":{"rendered":"<p>8 septiembre, 2025 El Cabildo de Fuerteventura y el Gobierno de Canarias han reconocido hoy, 6 de septiembre, al ganadero Vicente Hern\u00e1ndez, por sus cincuenta a\u00f1os como comisionado de Betancuria. [&hellip;]<\/p>\n","protected":false},"author":1,"featured_media":10539,"comment_status":"open","ping_status":"open","sticky":false,"template":"","format":"standard","meta":{"inline_featured_image":false,"jnews-multi-image_gallery":[],"jnews_single_post":[],"jnews_primary_category":[],"jnews_social_meta":[],"jnews_override_counter":[],"jnews_post_split":[],"footnotes":""},"categories":[58],"tags":[82],"class_list":["post-10537","post","type-post","status-publish","format-standard","has-post-thumbnail","hentry","category-cabildo","tag-fuerteventura"],"jetpack_featured_media_url":"https:\/\/informacionlocal.es\/wp-content\/uploads\/2025\/09\/1757316658-c1d357265fdda95c6cbb51188f4f570a.jpg","_links":{"self":[{"href":"https:\/\/informacionlocal.es\/en\/wp-json\/wp\/v2\/posts\/10537","targetHints":{"allow":["GET"]}}],"collection":[{"href":"https:\/\/informacionlocal.es\/en\/wp-json\/wp\/v2\/posts"}],"about":[{"href":"https:\/\/informacionlocal.es\/en\/wp-json\/wp\/v2\/types\/post"}],"author":[{"embeddable":true,"href":"https:\/\/informacionlocal.es\/en\/wp-json\/wp\/v2\/users\/1"}],"replies":[{"embeddable":true,"href":"https:\/\/informacionlocal.es\/en\/wp-json\/wp\/v2\/comments?post=10537"}],"version-history":[{"count":0,"href":"https:\/\/informacionlocal.es\/en\/wp-json\/wp\/v2\/posts\/10537\/revisions"}],"wp:featuredmedia":[{"embeddable":true,"href":"https:\/\/informacionlocal.es\/en\/wp-json\/wp\/v2\/media\/10539"}],"wp:attachment":[{"href":"https:\/\/informacionlocal.es\/en\/wp-json\/wp\/v2\/media?parent=10537"}],"wp:term":[{"taxonomy":"category","embeddable":true,"href":"https:\/\/informacionlocal.es\/en\/wp-json\/wp\/v2\/categories?post=10537"},{"taxonomy":"post_tag","embeddable":true,"href":"https:\/\/informacionlocal.es\/en\/wp-json\/wp\/v2\/tags?post=10537"}],"curies":[{"name":"wp","href":"https:\/\/api.w.org\/{rel}","templated":true}]}}