{"id":10519,"date":"2025-09-08T20:58:24","date_gmt":"2025-09-08T19:58:24","guid":{"rendered":"https:\/\/informacionlocal.es\/el-carnaval-de-carnavales-2026-del-municipio-de-la-oliva-ya-tiene-fecha\/"},"modified":"2025-09-08T20:58:24","modified_gmt":"2025-09-08T19:58:24","slug":"el-carnaval-de-carnavales-2026-del-municipio-de-la-oliva-ya-tiene-fecha","status":"publish","type":"post","link":"https:\/\/informacionlocal.es\/en\/el-carnaval-de-carnavales-2026-del-municipio-de-la-oliva-ya-tiene-fecha\/","title":{"rendered":"El Carnaval de Carnavales 2026 del Municipio de La Oliva ya tiene fecha"},"content":{"rendered":"<p>El Carnaval de Carnavales 2026 ya tiene fechas. El Ayuntamiento de La Oliva, a trav\u00e9s de la Concejal\u00eda de Fiestas Patronales y Carnaval , que dirige Omaira Saavedra, anuncia la celebraci\u00f3n de uno de los eventos m\u00e1s esperados de Fuerteventura. Bajo la tem\u00e1tica escogida por votaci\u00f3n popular, \u2018Latinoam\u00e9rica\u2019, Corralejo vibrar\u00e1 desde el 5 al 15 de marzo a trav\u00e9s de la m\u00fasica y color del continente en estado puro. <\/p>\n<p>El alcalde de La Oliva, Isa\u00ed Blanco, destaca la relevancia de la celebraci\u00f3n en la agenda de eventos del municipio: \u201cEl Carnaval de Carnavales se ha vuelto una cita obligatoria tanto para locales como visitantes de la Isla durante el mes de marzo. Un encuentro que conserva la tradici\u00f3n de nuestro pueblo y nuestro amor por las comparsas, murgas, batucas, grupos y, en general, por todo lo relacionado con el carnaval.\u201d<\/p>\n<p>Por su parte, la concejala de Fiestas Patronales y Carnaval , Omaira Saavedra, manifiesta: \u201cNos emociona anunciar las fechas del pr\u00f3ximo Carnaval de Carnavales. Sabemos lo que esta celebraci\u00f3n significa para la mayor\u00eda de los habitantes del municipio. Por ello, del 15 al 21 de septiembre los grupos que deseen participar se podr\u00e1n registrar en la p\u00e1gina de ayuntamiento, y comenzar a preparar sus espect\u00e1culos bajo el universo de \u2018Latinoam\u00e9rica\u2019. La cuenta atr\u00e1s del carnaval comienza ahora, en septiembre, cuando los integrantes de cada grupo dejan volar su imaginaci\u00f3n para crear todo un mundo alrededor de la alegor\u00eda escogida.\u201d <\/p>\n<p>Todav\u00eda no es marzo pero en nuestra mente ya tenemos el disfraz puesto para celebrar este encuentro en el que la tradici\u00f3n carnavalera pervive a\u00f1o tras a\u00f1o en el municipio de La Oliva.<\/p>\n","protected":false},"excerpt":{"rendered":"<p><span>Las calles de Corralejo brillar\u00e1n con la luz y color de \u2018Latinoam\u00e9rica\u2019 del 5 al 15 de marzo<\/span><\/p>\n","protected":false},"author":1,"featured_media":10521,"comment_status":"open","ping_status":"open","sticky":false,"template":"","format":"standard","meta":{"inline_featured_image":false,"jnews-multi-image_gallery":[],"jnews_single_post":[],"jnews_primary_category":[],"jnews_social_meta":[],"jnews_override_counter":[],"jnews_post_split":[],"footnotes":""},"categories":[62],"tags":[69,82],"class_list":["post-10519","post","type-post","status-publish","format-standard","has-post-thumbnail","hentry","category-la-oliva","tag-eventos","tag-fuerteventura"],"jetpack_featured_media_url":"https:\/\/informacionlocal.es\/wp-content\/uploads\/2025\/09\/5240_175eadf2.png","_links":{"self":[{"href":"https:\/\/informacionlocal.es\/en\/wp-json\/wp\/v2\/posts\/10519","targetHints":{"allow":["GET"]}}],"collection":[{"href":"https:\/\/informacionlocal.es\/en\/wp-json\/wp\/v2\/posts"}],"about":[{"href":"https:\/\/informacionlocal.es\/en\/wp-json\/wp\/v2\/types\/post"}],"author":[{"embeddable":true,"href":"https:\/\/informacionlocal.es\/en\/wp-json\/wp\/v2\/users\/1"}],"replies":[{"embeddable":true,"href":"https:\/\/informacionlocal.es\/en\/wp-json\/wp\/v2\/comments?post=10519"}],"version-history":[{"count":0,"href":"https:\/\/informacionlocal.es\/en\/wp-json\/wp\/v2\/posts\/10519\/revisions"}],"wp:featuredmedia":[{"embeddable":true,"href":"https:\/\/informacionlocal.es\/en\/wp-json\/wp\/v2\/media\/10521"}],"wp:attachment":[{"href":"https:\/\/informacionlocal.es\/en\/wp-json\/wp\/v2\/media?parent=10519"}],"wp:term":[{"taxonomy":"category","embeddable":true,"href":"https:\/\/informacionlocal.es\/en\/wp-json\/wp\/v2\/categories?post=10519"},{"taxonomy":"post_tag","embeddable":true,"href":"https:\/\/informacionlocal.es\/en\/wp-json\/wp\/v2\/tags?post=10519"}],"curies":[{"name":"wp","href":"https:\/\/api.w.org\/{rel}","templated":true}]}}