{"id":10427,"date":"2025-09-06T19:59:34","date_gmt":"2025-09-06T18:59:34","guid":{"rendered":"https:\/\/informacionlocal.es\/feria-de-atracciones-gratis-este-domingo-por-la-manana-en-el-mercado-agricola-de-antigua\/"},"modified":"2025-09-06T19:59:34","modified_gmt":"2025-09-06T18:59:34","slug":"feria-de-atracciones-gratis-este-domingo-por-la-manana-en-el-mercado-agricola-de-antigua","status":"publish","type":"post","link":"https:\/\/informacionlocal.es\/en\/feria-de-atracciones-gratis-este-domingo-por-la-manana-en-el-mercado-agricola-de-antigua\/","title":{"rendered":"Feria de Atracciones gratis este domingo por la ma\u00f1ana en el Mercado Agr\u00edcola de Antigua"},"content":{"rendered":"<div class=\"elementor-widget-container\">\n<p><strong>Feria de Atracciones gratis este domingo por la ma\u00f1ana en el Mercado Agr\u00edcola de Antigua<\/strong><\/p>\n<p><strong>\u2022 Domingo de ma\u00f1ana festiva inimaginable en la plaza de Antigua ofreciendo un Mercado Agr\u00edcola con exhibici\u00f3n de Scalextric y las Atracciones de la Feria gratuitas de 10:00 a 14:00 horas.<\/strong><\/p>\n<p>Si alguien quer\u00eda m\u00e1s o echaba de menos algo, en las Fiestas de Antigua encuentra de todo, en todo momento y para todos los p\u00fablicos, afirma el concejal de Festejos, Pedro M. Armas.<\/p>\n<p>Este domingo por la ma\u00f1ana, la concejal\u00eda de Agricultura, Ganader\u00eda y Pesca que dirige Fernando Estupi\u00f1\u00e1n, organiza como cada primer fin de semana de mes, el Mercado Agr\u00edcola donde encontrar hortalizas, papa nueva, frutas y verduras frescas, pescados y moluscos secos, dulces caseros, turrones tradicionales, zumo de ca\u00f1a o caf\u00e9 tostado de las am\u00e9ricas, sin faltar los quesos, las salsas y el mojo pic\u00f3n.<\/p>\n<p>El Mercado Agr\u00edcola de Antigua ofrece este domingo por primera vez en la isla, una Exhibici\u00f3n de Scalextric que m\u00e1s de uno querr\u00e1 ser ni\u00f1o o ni\u00f1a para coger los mandos y competir.<\/p>\n<p>Como cada a\u00f1o les solicitamos a los feriantes y no dudan en aceptar, una ma\u00f1ana completa de domingo familiar con todas las atracciones gratuitas para los ni\u00f1os y ni\u00f1as que quieran disfrutar de las mismas, afirma el alcalde, Mat\u00edas Pe\u00f1a, en las Fiestas de Antigua no queremos que nadie quede sin subir a las divertidas atracciones desplegadas en la plaza.<\/p>\n<\/div>\n","protected":false},"excerpt":{"rendered":"<p><strong>Feria de Atracciones gratis este domingo por la ma\u00f1ana en el Mercado Agr\u00edcola de Antigua<\/strong><\/p>\n","protected":false},"author":1,"featured_media":10429,"comment_status":"open","ping_status":"open","sticky":false,"template":"","format":"standard","meta":{"inline_featured_image":false,"jnews-multi-image_gallery":[],"jnews_single_post":[],"jnews_primary_category":[],"jnews_social_meta":[],"jnews_override_counter":[],"jnews_post_split":[],"footnotes":""},"categories":[59],"tags":[],"class_list":["post-10427","post","type-post","status-publish","format-standard","has-post-thumbnail","hentry","category-antigua"],"jetpack_featured_media_url":"https:\/\/informacionlocal.es\/wp-content\/uploads\/2025\/09\/imagen-de-whatsapp-2025-09-01-a-las-18-52-54_fb69b1cf.jpg","_links":{"self":[{"href":"https:\/\/informacionlocal.es\/en\/wp-json\/wp\/v2\/posts\/10427","targetHints":{"allow":["GET"]}}],"collection":[{"href":"https:\/\/informacionlocal.es\/en\/wp-json\/wp\/v2\/posts"}],"about":[{"href":"https:\/\/informacionlocal.es\/en\/wp-json\/wp\/v2\/types\/post"}],"author":[{"embeddable":true,"href":"https:\/\/informacionlocal.es\/en\/wp-json\/wp\/v2\/users\/1"}],"replies":[{"embeddable":true,"href":"https:\/\/informacionlocal.es\/en\/wp-json\/wp\/v2\/comments?post=10427"}],"version-history":[{"count":0,"href":"https:\/\/informacionlocal.es\/en\/wp-json\/wp\/v2\/posts\/10427\/revisions"}],"wp:featuredmedia":[{"embeddable":true,"href":"https:\/\/informacionlocal.es\/en\/wp-json\/wp\/v2\/media\/10429"}],"wp:attachment":[{"href":"https:\/\/informacionlocal.es\/en\/wp-json\/wp\/v2\/media?parent=10427"}],"wp:term":[{"taxonomy":"category","embeddable":true,"href":"https:\/\/informacionlocal.es\/en\/wp-json\/wp\/v2\/categories?post=10427"},{"taxonomy":"post_tag","embeddable":true,"href":"https:\/\/informacionlocal.es\/en\/wp-json\/wp\/v2\/tags?post=10427"}],"curies":[{"name":"wp","href":"https:\/\/api.w.org\/{rel}","templated":true}]}}