{"id":10409,"date":"2025-09-06T11:58:22","date_gmt":"2025-09-06T10:58:22","guid":{"rendered":"https:\/\/informacionlocal.es\/antigua-rinde-un-ano-mas-homenaje-a-sus-mayores\/"},"modified":"2025-09-06T11:58:22","modified_gmt":"2025-09-06T10:58:22","slug":"antigua-rinde-un-ano-mas-homenaje-a-sus-mayores","status":"publish","type":"post","link":"https:\/\/informacionlocal.es\/en\/antigua-rinde-un-ano-mas-homenaje-a-sus-mayores\/","title":{"rendered":"Antigua rinde un a\u00f1o m\u00e1s Homenaje a sus Mayores"},"content":{"rendered":"<div class=\"elementor-widget-container\">\n<p><strong>Antigua rinde un a\u00f1o m\u00e1s Homenaje a sus Mayores<\/strong><\/p>\n<p><strong>\u2022 Son historias vitales de hacer caminos, cultivar gavias, criar hijos, son nuestros mayores los m\u00e1s j\u00f3venes de mirada y por quienes estamos aqu\u00ed, se\u00f1ala el alcalde de Antigua.<\/strong><\/p>\n<p><strong>\u2022 Este a\u00f1o, se\u00f1ala la concejala de Servicios Sociales, Am\u00e9rica Soto, tenemos el gusto y honor de homenajear a Domingo Mesa Vel\u00e1zquez y Lolina Pe\u00f1a Betancor, Sionita Guerra Ruiz y Rodolfo Alberto Cabrera y Domingo Cabrera Pe\u00f1a.<\/strong><\/p>\n<p>Completas las dos salas, completas las mesas familiares y la de todos y todas las comensales en el Homenaje que Antigua rinde cada a\u00f1o a sus Mayores, en esta ocasi\u00f3n a Domingo Mesa Vel\u00e1zquez y Lolina Pe\u00f1a Betancor, Sionita Guerra Ruiz y Rodolfo Alberto Cabrera y Domingo Cabrera Pe\u00f1a.<\/p>\n<p>Los homenajeados felices de serlo, de estar rodeados de su familia, de ver a sus amistades y vecinos y compa\u00f1eros de baraja y de vida aplaudi\u00e9ndoles, abraz\u00e1ndoles y felicit\u00e1ndoles, simplemente por estar ah\u00ed y poder hacerlo.<\/p>\n<p>No faltaron palabras a los que ya no est\u00e1n y tanto se les echa de menos por lo que tanto dejaron. El Homenaje que Antigua celebra cada a\u00f1o, es un encuentro familiar, es un repaso tan detallado a la historia de este pueblo, que sin quitar las ganas de comer, de bailar y de re\u00edr, pone los pelos de punta.<\/p>\n<p>Todos ustedes adem\u00e1s de amigos y vecinos son historias vitales de hacer caminos, cultivar gavias, cuidar cabras y criar hijos, son nuestros mayores los m\u00e1s j\u00f3venes de mirada y por quienes estamos aqu\u00ed, se\u00f1alaba el alcalde de Antigua.<\/p>\n<p>El alcalde, Mat\u00edas Pe\u00f1a agradeci\u00f3 a Am\u00e9rica Soto y Pedro M. Armas concejales de Servicios Sociales y Festejos, la buena organizaci\u00f3n del Homenaje y record\u00f3 a todos los presentes que antes de finalizar el a\u00f1o deben organizarse para el nuevo viaje que el Ayuntamiento de Antigua con la Asociaci\u00f3n de Mayores les financia, prepara y acompa\u00f1a.<\/p>\n<\/div>\n","protected":false},"excerpt":{"rendered":"<p><strong>Antigua rinde un a\u00f1o m\u00e1s Homenaje a sus Mayores<\/strong><\/p>\n","protected":false},"author":1,"featured_media":10411,"comment_status":"open","ping_status":"open","sticky":false,"template":"","format":"standard","meta":{"inline_featured_image":false,"jnews-multi-image_gallery":[],"jnews_single_post":[],"jnews_primary_category":[],"jnews_social_meta":[],"jnews_override_counter":[],"jnews_post_split":[],"footnotes":""},"categories":[59],"tags":[],"class_list":["post-10409","post","type-post","status-publish","format-standard","has-post-thumbnail","hentry","category-antigua"],"jetpack_featured_media_url":"https:\/\/informacionlocal.es\/wp-content\/uploads\/2025\/09\/0-antigua-rinde-un-ano-mas-homenaje-a-sus-mayores-10-scaled-1.jpg","_links":{"self":[{"href":"https:\/\/informacionlocal.es\/en\/wp-json\/wp\/v2\/posts\/10409","targetHints":{"allow":["GET"]}}],"collection":[{"href":"https:\/\/informacionlocal.es\/en\/wp-json\/wp\/v2\/posts"}],"about":[{"href":"https:\/\/informacionlocal.es\/en\/wp-json\/wp\/v2\/types\/post"}],"author":[{"embeddable":true,"href":"https:\/\/informacionlocal.es\/en\/wp-json\/wp\/v2\/users\/1"}],"replies":[{"embeddable":true,"href":"https:\/\/informacionlocal.es\/en\/wp-json\/wp\/v2\/comments?post=10409"}],"version-history":[{"count":0,"href":"https:\/\/informacionlocal.es\/en\/wp-json\/wp\/v2\/posts\/10409\/revisions"}],"wp:featuredmedia":[{"embeddable":true,"href":"https:\/\/informacionlocal.es\/en\/wp-json\/wp\/v2\/media\/10411"}],"wp:attachment":[{"href":"https:\/\/informacionlocal.es\/en\/wp-json\/wp\/v2\/media?parent=10409"}],"wp:term":[{"taxonomy":"category","embeddable":true,"href":"https:\/\/informacionlocal.es\/en\/wp-json\/wp\/v2\/categories?post=10409"},{"taxonomy":"post_tag","embeddable":true,"href":"https:\/\/informacionlocal.es\/en\/wp-json\/wp\/v2\/tags?post=10409"}],"curies":[{"name":"wp","href":"https:\/\/api.w.org\/{rel}","templated":true}]}}