{"id":10279,"date":"2025-09-04T14:58:31","date_gmt":"2025-09-04T13:58:31","guid":{"rendered":"https:\/\/informacionlocal.es\/el-ayuntamiento-de-pajara-presenta-la-segunda-edicion-del-pajara-gaming-fest\/"},"modified":"2025-09-04T14:58:31","modified_gmt":"2025-09-04T13:58:31","slug":"el-ayuntamiento-de-pajara-presenta-la-segunda-edicion-del-pajara-gaming-fest","status":"publish","type":"post","link":"https:\/\/informacionlocal.es\/en\/el-ayuntamiento-de-pajara-presenta-la-segunda-edicion-del-pajara-gaming-fest\/","title":{"rendered":"El Ayuntamiento de P\u00e1jara presenta la segunda edici\u00f3n del P\u00e1jara Gaming Fest"},"content":{"rendered":"<div class=\"entry-content\">\n<p><b><i>El evento, con entrada gratuita y libre, ofrecer\u00e1 del 12 al 14 de septiembre talleres, charlas, torneos y zonas interactivas para todos los p\u00fablicos\u00a0<\/i><\/b><\/p>\n<p><span>El Ayuntamiento de P\u00e1jara, a trav\u00e9s de la Concejal\u00eda de Nuevas Tecnolog\u00edas, presenta, por segundo a\u00f1o consecutivo, el P\u00e1jara Gaming Fest, un evento gratuito que se celebrar\u00e1 del 12 al 14 de septiembre en el Polideportivo de Morro Jable.\u00a0<\/span><\/p>\n<p><span>La programaci\u00f3n incluir\u00e1 talleres de creaci\u00f3n de videojuegos, dibujo b\u00e1sico, Blender + 3D y drones de realidad virtual, adem\u00e1s de charlas sobre inteligencia artificial, energ\u00edas renovables y desarrollo de videojuegos. Asimismo, se habilitar\u00e1n zonas gaming con ordenadores, consolas, retos interactivos y experiencias de realidad virtual.\u00a0<\/span><\/p>\n<p><span>El evento dar\u00e1 comienzo el viernes 12 de septiembre con actividades desde las 9:00 a las 13:00 horas dirigidas a los centros educativos, y continuar\u00e1 de 16:30 a 20:00 horas con los talleres y charlas abiertas al p\u00fablico general. El s\u00e1bado 13 de septiembre abrir\u00e1 sus puertas desde las 10:00 hasta las 22:00 horas, mientras que el domingo 14 de septiembre ser\u00e1 la jornada de cierre, en horario de 10: a 14:00 horas.\u00a0<\/span><\/p>\n<p><span>El concejal de Nuevas Tecnolog\u00edas, Salah Cheaib, destaca la importancia de seguir impulsando este tipo de iniciativas se\u00f1alando que \u201ccon esta segunda edici\u00f3n consolidamos un espacio que apuesta por la tecnolog\u00eda, la innovaci\u00f3n y el ocio saludable. Queremos que nuestros j\u00f3venes tengan la oportunidad de aprender, divertirse y compartir experiencias en un entorno din\u00e1mico y seguro\u201d.\u00a0<\/span><\/p>\n<p><span>Asimismo, a\u00f1ade que \u201capostar por iniciativas como esta es invertir en el talento del futuro, fomentando el inter\u00e9s por sectores como la programaci\u00f3n, la inteligencia artificial o la creaci\u00f3n de contenido digitales\u201d.\u00a0<\/span><\/p>\n<p><span>Los torneos ser\u00e1n otros de los grandes atractivos de esta edici\u00f3n, con competiciones de Smash Bros Ultimate, FC 25, Fortnite y Tekken 8. Las inscripciones se abrir\u00e1n el s\u00e1bado 13 de septiembre a las 11:00 horas para Smash Bros, Tekken y FC 25, y a las 15:00 horas para Fornite. La entrega de premios se celebrar\u00e1 ese mismo d\u00eda a las 20:00 horas.\u00a0<\/span><\/p>\n<p><img fetchpriority=\"high\" decoding=\"async\" class=\"alignnone size-medium wp-image-20938\" src=\"https:\/\/informacionlocal.es\/wp-content\/uploads\/2025\/09\/imagen-de-whatsapp-2025-09-02-a-las-16-35-41_e6861fa7-1-300x212-1.jpg\" width=\"300\" height=\"212\" title=\"imagen-de-whatsapp-2025-09-02-a-las-16-35-41_e6861fa7-1-300x212-1\"><img decoding=\"async\" class=\"alignnone size-medium wp-image-20939\" src=\"https:\/\/informacionlocal.es\/wp-content\/uploads\/2025\/09\/imagen-de-whatsapp-2025-09-02-a-las-16-35-42_3433a05a-300x212-1.jpg\" width=\"300\" height=\"212\" title=\"imagen-de-whatsapp-2025-09-02-a-las-16-35-42_3433a05a-300x212-1\"><\/p>\n<\/div>\n","protected":false},"excerpt":{"rendered":"<p><i>El evento, con entrada gratuita y libre, ofrecer\u00e1 del 12 al 14 de septiembre talleres, charlas, torneos y zonas interactivas para todos los p\u00fablicos\u00a0<\/i><\/p>\n","protected":false},"author":1,"featured_media":10281,"comment_status":"open","ping_status":"open","sticky":false,"template":"","format":"standard","meta":{"inline_featured_image":false,"jnews-multi-image_gallery":[],"jnews_single_post":[],"jnews_primary_category":[],"jnews_social_meta":[],"jnews_override_counter":[],"jnews_post_split":[],"footnotes":""},"categories":[63],"tags":[],"class_list":["post-10279","post","type-post","status-publish","format-standard","has-post-thumbnail","hentry","category-pajara"],"jetpack_featured_media_url":"https:\/\/informacionlocal.es\/wp-content\/uploads\/2025\/09\/imagen-de-whatsapp-2025-09-02-a-las-16-35-41_e6861fa7.jpg","_links":{"self":[{"href":"https:\/\/informacionlocal.es\/en\/wp-json\/wp\/v2\/posts\/10279","targetHints":{"allow":["GET"]}}],"collection":[{"href":"https:\/\/informacionlocal.es\/en\/wp-json\/wp\/v2\/posts"}],"about":[{"href":"https:\/\/informacionlocal.es\/en\/wp-json\/wp\/v2\/types\/post"}],"author":[{"embeddable":true,"href":"https:\/\/informacionlocal.es\/en\/wp-json\/wp\/v2\/users\/1"}],"replies":[{"embeddable":true,"href":"https:\/\/informacionlocal.es\/en\/wp-json\/wp\/v2\/comments?post=10279"}],"version-history":[{"count":0,"href":"https:\/\/informacionlocal.es\/en\/wp-json\/wp\/v2\/posts\/10279\/revisions"}],"wp:featuredmedia":[{"embeddable":true,"href":"https:\/\/informacionlocal.es\/en\/wp-json\/wp\/v2\/media\/10281"}],"wp:attachment":[{"href":"https:\/\/informacionlocal.es\/en\/wp-json\/wp\/v2\/media?parent=10279"}],"wp:term":[{"taxonomy":"category","embeddable":true,"href":"https:\/\/informacionlocal.es\/en\/wp-json\/wp\/v2\/categories?post=10279"},{"taxonomy":"post_tag","embeddable":true,"href":"https:\/\/informacionlocal.es\/en\/wp-json\/wp\/v2\/tags?post=10279"}],"curies":[{"name":"wp","href":"https:\/\/api.w.org\/{rel}","templated":true}]}}