{"id":10232,"date":"2025-09-03T18:58:52","date_gmt":"2025-09-03T17:58:52","guid":{"rendered":"https:\/\/informacionlocal.es\/sahara-la-barca-del-desierto-llega-al-auditorio-insular-de-fuerteventura\/"},"modified":"2025-09-03T18:58:52","modified_gmt":"2025-09-03T17:58:52","slug":"sahara-la-barca-del-desierto-llega-al-auditorio-insular-de-fuerteventura","status":"publish","type":"post","link":"https:\/\/informacionlocal.es\/en\/sahara-la-barca-del-desierto-llega-al-auditorio-insular-de-fuerteventura\/","title":{"rendered":"\u2018SAHARA. La barca del desierto\u2019 llega al Auditorio Insular de Fuerteventura"},"content":{"rendered":"<div class=\"entry-content\"><strong>3 septiembre, 2025<\/strong><\/p>\n<p><strong><em>La obra se estrena el pr\u00f3ximo 5 de septiembre, a las 20.30 horas, en el Auditoria Insular de Fuerteventura<\/em><\/strong><\/p>\n<p><strong><em>La nueva producci\u00f3n da voz al conflicto del S\u00e1hara Occidental desde la memoria y la resistencia<\/em><\/strong><\/p>\n<p>El Auditorio Insular de Fuerteventura acoge el pr\u00f3ximo viernes, 5 de septiembre, el estreno de \u2018SAHARA. La barca del desierto\u2019, octava producci\u00f3n del proyecto de experimentaci\u00f3n esc\u00e9nica Laboratorio Gald\u00f3s Internacional y coproducida por el Teatro P\u00e9rez Gald\u00f3s y unahoramenos.<\/p>\n<p>Dirigida por Mario Vega, Premio Max de las Artes Esc\u00e9nicas 2022, la obra propone un testimonio vivo y conmovedor en torno a uno de los conflictos m\u00e1s prolongados y olvidados de la actualidad: el del S\u00e1hara Occidental.<\/p>\n<p>La actriz, Marta Viera, reconocida con cinco Premios R\u00e9plica a la Mejor Actriz, encarna a Manuela Rodr\u00edguez, una enfermera canaria que llega en 1970 a El Aai\u00fan para trabajar en el hospital local. Su vida cambia radicalmente tras enamorarse de un militante del Frente Polisario, vi\u00e9ndose arrastrada a la clandestinidad y a la guerra.<\/p>\n<p>A trav\u00e9s de un di\u00e1logo con una joven periodista, Manuela reconstruye m\u00e1s de dos d\u00e9cadas marcadas por el amor, la p\u00e9rdida y la resistencia de un pueblo que se niega a desaparecer.<\/p>\n<p>Para documentar la creaci\u00f3n, parte del equipo de producci\u00f3n viaj\u00f3 en 2025 a los campamentos de refugiados saharauis en Argelia, recogiendo testimonios directos sobre la realidad del pueblo en el exilio.<\/p>\n<p>El montaje conecta la historia personal de Manuela con la lucha del Frente Polisario y la situaci\u00f3n actual de los m\u00e1s de 180.000 saharauis que a\u00fan viven desplazados en Tinduf, a la espera del cumplimiento de la promesa de independencia.<\/p>\n<p>Las entradas pueden adquirirse a trav\u00e9s de\u00a0culturafuerteventura.es, teniendo un coste de cinco euros.<\/p>\n<\/div>\n","protected":false},"excerpt":{"rendered":"<p>3 septiembre, 2025 La obra se estrena el pr\u00f3ximo 5 de septiembre, a las 20.30 horas, en el Auditoria Insular de Fuerteventura La nueva producci\u00f3n da voz al conflicto del [&hellip;]<\/p>\n","protected":false},"author":1,"featured_media":10234,"comment_status":"open","ping_status":"open","sticky":false,"template":"","format":"standard","meta":{"inline_featured_image":false,"jnews-multi-image_gallery":[],"jnews_single_post":[],"jnews_primary_category":[],"jnews_social_meta":[],"jnews_override_counter":[],"jnews_post_split":[],"footnotes":""},"categories":[58],"tags":[82],"class_list":["post-10232","post","type-post","status-publish","format-standard","has-post-thumbnail","hentry","category-cabildo","tag-fuerteventura"],"jetpack_featured_media_url":"https:\/\/informacionlocal.es\/wp-content\/uploads\/2025\/09\/1756889028-55144a10d8ab8b30e277506d16aa6615.jpg","_links":{"self":[{"href":"https:\/\/informacionlocal.es\/en\/wp-json\/wp\/v2\/posts\/10232","targetHints":{"allow":["GET"]}}],"collection":[{"href":"https:\/\/informacionlocal.es\/en\/wp-json\/wp\/v2\/posts"}],"about":[{"href":"https:\/\/informacionlocal.es\/en\/wp-json\/wp\/v2\/types\/post"}],"author":[{"embeddable":true,"href":"https:\/\/informacionlocal.es\/en\/wp-json\/wp\/v2\/users\/1"}],"replies":[{"embeddable":true,"href":"https:\/\/informacionlocal.es\/en\/wp-json\/wp\/v2\/comments?post=10232"}],"version-history":[{"count":0,"href":"https:\/\/informacionlocal.es\/en\/wp-json\/wp\/v2\/posts\/10232\/revisions"}],"wp:featuredmedia":[{"embeddable":true,"href":"https:\/\/informacionlocal.es\/en\/wp-json\/wp\/v2\/media\/10234"}],"wp:attachment":[{"href":"https:\/\/informacionlocal.es\/en\/wp-json\/wp\/v2\/media?parent=10232"}],"wp:term":[{"taxonomy":"category","embeddable":true,"href":"https:\/\/informacionlocal.es\/en\/wp-json\/wp\/v2\/categories?post=10232"},{"taxonomy":"post_tag","embeddable":true,"href":"https:\/\/informacionlocal.es\/en\/wp-json\/wp\/v2\/tags?post=10232"}],"curies":[{"name":"wp","href":"https:\/\/api.w.org\/{rel}","templated":true}]}}