{"id":10220,"date":"2025-09-03T16:58:28","date_gmt":"2025-09-03T15:58:28","guid":{"rendered":"https:\/\/informacionlocal.es\/excelentes-caballos-montados-por-jockeys-campeones-en-la-i-carrera-fiestas-de-antigua-2025\/"},"modified":"2025-09-03T16:58:28","modified_gmt":"2025-09-03T15:58:28","slug":"excelentes-caballos-montados-por-jockeys-campeones-en-la-i-carrera-fiestas-de-antigua-2025","status":"publish","type":"post","link":"https:\/\/informacionlocal.es\/en\/excelentes-caballos-montados-por-jockeys-campeones-en-la-i-carrera-fiestas-de-antigua-2025\/","title":{"rendered":"Excelentes caballos montados por jockeys campeones en la I Carrera Fiestas de Antigua 2025"},"content":{"rendered":"<div class=\"elementor-widget-container\">\n<p><strong>Excelentes caballos montados por jockeys campeones en la I Carrera Fiestas de Antigua 2025<\/strong><\/p>\n<p><strong>\u2022 En sombra bajo las gradas y la arboleda que linda la pista de carrera, el p\u00fablico disfrut\u00f3 de la I Carrera de Caballos celebrada el pasado fin de semana en Pozo Negro por las fiestas patronales de Antigua <\/strong><br \/><strong>\u2022 La I Carrera de Caballos Fiestas de Antigua organizada por cuadras Islas Fuerteventura con el respaldo de la Federaci\u00f3n Canaria, se celebra como 1\u00aa Fases del Campeonato Interinsular en Honor a Juan S\u00e1nchez. <\/strong><br \/><strong>\u2022 La cuadra Nietos Juan \u00c1lvarez con el jockey A. Hern\u00e1ndez logran el primer puesto en las carreras de 1.200 y 1.600 metros, mientras que la cuadra las Hermanas Vi\u00f1oly y Sinf\u00edn logran la primera posici\u00f3n en las dos carreras celebradas de 1.400 metros. <\/strong><br \/><strong>\u2022 La Cuadra Volcanes de Timanfaya con el jockey Vi\u00f1oly, campeones de la emocionante Carrera de 2.000 metros.<\/strong><\/p>\n<p>La I Carrera de Caballos Fiestas de Antigua 2025 llega a Fuerteventura para quedarse, ante la expectativa que despert\u00f3 y el respaldo del numeroso p\u00fablico asistente que disfrut\u00f3, a la sombra de p\u00e9rgolas y palmeras junto a la pista de Pozo Negro, de la emoci\u00f3n ofrecida por caballos y jockeys en cada carrera.<\/p>\n<p>Esta primera Carrera de Caballos Fiestas de Antigua, organizada por la Cuadra Islas Fuerteventura con el respaldo de la Federaci\u00f3n Canaria, punt\u00faa en el Campeonato Interinsular en honor a Juan S\u00e1nchez, incorporando esta disciplina deportiva, con muchos aficionados y cuadras que lo respaldan, al calendario de carreras de caballos en las islas, afirma Samuel Torres, concejal de Deportes del Ayuntamiento de Antigua, colaborador en la carrera.<\/p>\n<p>El alcalde, Mat\u00edas Pe\u00f1a destacaba la profesionalidad mostrada por cuadras que son propiedad de familias de Fuerteventura y otras islas, que han demostrado el cuidado y entrenamiento que dan a sus potros y yeguas, agradeci\u00e9ndoles su participaci\u00f3n, se\u00f1alando tambi\u00e9n la reuni\u00f3n por primera vez en la isla de los jockeys m\u00e1s destacados de las islas. Una Carrera de Caballos en Fuerteventura que cuentan con la colaboraci\u00f3n tambi\u00e9n de la consejer\u00eda de Agricultura, Ganader\u00eda y Pesca del Cabildo de Fuerteventura para cederles estas instalaciones y pista de carreras de la Granja Experimental de Pozo Negro.<\/p>\n<p>\u00a0<\/p>\n<\/div>\n","protected":false},"excerpt":{"rendered":"<p><strong>Excelentes caballos montados por jockeys campeones en la I Carrera Fiestas de Antigua 2025<\/strong><\/p>\n","protected":false},"author":1,"featured_media":10222,"comment_status":"open","ping_status":"open","sticky":false,"template":"","format":"standard","meta":{"inline_featured_image":false,"jnews-multi-image_gallery":[],"jnews_single_post":[],"jnews_primary_category":[],"jnews_social_meta":[],"jnews_override_counter":[],"jnews_post_split":[],"footnotes":""},"categories":[59],"tags":[82],"class_list":["post-10220","post","type-post","status-publish","format-standard","has-post-thumbnail","hentry","category-antigua","tag-fuerteventura"],"jetpack_featured_media_url":"https:\/\/informacionlocal.es\/wp-content\/uploads\/2025\/09\/00-i-carrera-de-caballos-fuerteventura-fiestas-de-antigua-6-scaled-1.jpg","_links":{"self":[{"href":"https:\/\/informacionlocal.es\/en\/wp-json\/wp\/v2\/posts\/10220","targetHints":{"allow":["GET"]}}],"collection":[{"href":"https:\/\/informacionlocal.es\/en\/wp-json\/wp\/v2\/posts"}],"about":[{"href":"https:\/\/informacionlocal.es\/en\/wp-json\/wp\/v2\/types\/post"}],"author":[{"embeddable":true,"href":"https:\/\/informacionlocal.es\/en\/wp-json\/wp\/v2\/users\/1"}],"replies":[{"embeddable":true,"href":"https:\/\/informacionlocal.es\/en\/wp-json\/wp\/v2\/comments?post=10220"}],"version-history":[{"count":0,"href":"https:\/\/informacionlocal.es\/en\/wp-json\/wp\/v2\/posts\/10220\/revisions"}],"wp:featuredmedia":[{"embeddable":true,"href":"https:\/\/informacionlocal.es\/en\/wp-json\/wp\/v2\/media\/10222"}],"wp:attachment":[{"href":"https:\/\/informacionlocal.es\/en\/wp-json\/wp\/v2\/media?parent=10220"}],"wp:term":[{"taxonomy":"category","embeddable":true,"href":"https:\/\/informacionlocal.es\/en\/wp-json\/wp\/v2\/categories?post=10220"},{"taxonomy":"post_tag","embeddable":true,"href":"https:\/\/informacionlocal.es\/en\/wp-json\/wp\/v2\/tags?post=10220"}],"curies":[{"name":"wp","href":"https:\/\/api.w.org\/{rel}","templated":true}]}}