{"id":10192,"date":"2025-09-03T13:04:19","date_gmt":"2025-09-03T12:04:19","guid":{"rendered":"https:\/\/informacionlocal.es\/el-cabildo-recuerda-la-necesidad-de-seguir-las-buenas-practicas-durante-los-periodos-habiles-de-caza\/"},"modified":"2025-09-03T13:04:19","modified_gmt":"2025-09-03T12:04:19","slug":"el-cabildo-recuerda-la-necesidad-de-seguir-las-buenas-practicas-durante-los-periodos-habiles-de-caza","status":"publish","type":"post","link":"https:\/\/informacionlocal.es\/en\/el-cabildo-recuerda-la-necesidad-de-seguir-las-buenas-practicas-durante-los-periodos-habiles-de-caza\/","title":{"rendered":"\ufeffEl Cabildo recuerda la necesidad de seguir las buenas pr\u00e1cticas durante los periodos h\u00e1biles de caza"},"content":{"rendered":"<div class=\"entry-content\"><strong>3 septiembre, 2025<\/strong><\/p>\n<p><strong><em>La Consejer\u00eda de Medio Ambiente y Caza reitera que cazar fuera de temporada o superar los l\u00edmites de piezas pone en riesgo el equilibrio natural y conlleva sanciones<\/em><\/strong><\/p>\n<p>Ante el inicio del periodo de caza con captura de conejo solo con perro, que est\u00e1 abierto los domingos hasta el 21 de septiembre seg\u00fan orden publicada por el Gobierno de Canarias, la Consejer\u00eda de Medio Ambiente y Caza del Cabildo de Fuerteventura recuerda la necesidad de respetar la naturaleza y seguir las buenas pr\u00e1cticas que pueden consultarse en el manual del cazador que se encuentra en la web\u00a0https:\/\/www.cabildofuer.es\/cabildo\/areas-tematicas\/caza\/el-buen-cazador\/<\/p>\n<p>La Consejer\u00eda de Medio Ambiente y Caza, que dirige Carlos Rodr\u00edguez, insiste en que la caza tiene sentido \u00fanicamente cuando se realiza con respeto al medio ambiente y el territorio, las tradiciones de la Isla y la normativa vigente. En este sentido, desde la Corporaci\u00f3n insular recuerda que las malas pr\u00e1cticas, como cazar fuera de temporada, usar m\u00e9todos prohibidos o superar los l\u00edmites establecidos de piezas no s\u00f3lo pone en riesgo el equilibrio natural, sino que conllevan sanciones que pueden ir de leves a muy graves.<\/p>\n<p>Desde la Consejer\u00eda se insiste, adem\u00e1s, en la necesidad de respetar elementos etnogr\u00e1ficos como muros de piedra que se distribuyen por la Isla y evitar el aparcamiento de veh\u00edculos fuera de pistas, en lugares no autorizados para ello. En definitiva, cuidar del entorno, respetar las especies y seguir las normas es la mejor manera de garantizar que esta actividad se mantenga en el futuro.<\/p>\n<p>Asimismo, la Consejer\u00eda de Caza contin\u00faa trabajando en el Plan T\u00e9cnico de Caza, en fase de adjudicaci\u00f3n.<\/p>\n<p>Desde esta Consejer\u00eda existe, adem\u00e1s, la intenci\u00f3n de establecer en un futuro zonas de caza controlada, para potenciar el control y regulaci\u00f3n del ejercicio de la caza en Fuerteventura.<\/p>\n<p>La orden por la que se establecen las \u00e9pocas h\u00e1biles de caza para la temporada 2025 est\u00e1 publicada en el Bolet\u00edn Oficial de Canarias. Una orden que establece, asimismo, las condiciones, medios y limitaciones para su ejercicio en la comunidad aut\u00f3noma de Canarias, y que puede consultarse en el Bolet\u00edn Oficial de Canarias del lunes, 30 de junio de 2025.<\/p>\n<p>Los periodos h\u00e1biles, condiciones, medios y limitaciones para la pr\u00e1ctica de la caza menor son de obligado cumplimiento y pueden consultarse en:\u00a0https:\/\/www.gobiernodecanarias.org\/boc\/2025\/128\/2400.html<\/p>\n<p><strong>En Fuerteventura, periodos y d\u00edas h\u00e1biles por especie y modalidad quedan determinados de la siguiente manera:<\/strong><\/p>\n<p>Caza sin arma y sin captura: jueves y domingos, del 6 de julio al 25 de septiembre, con un m\u00e1ximo de 2 perros de muestra para perdiz moruna y paloma brav\u00eda.<\/p>\n<p>Conejo con perro (captura): domingos, del 31 de agosto al 21 de septiembre.<\/p>\n<p>Conejo con perro y hur\u00f3n (captura): domingos, del 28 de septiembre al 26 de octubre. El l\u00edmite es dos piezas por cazador y d\u00eda, y cuatro perros y un hur\u00f3n m\u00e1ximo. En ning\u00fan caso, se admitir\u00e1n cuadrillas.<\/p>\n<p>Caza con arma: perdiz moruna y paloma brav\u00eda con perro de muestra y escopeta o arco, domingos, del 28 de septiembre al 26 de octubre. El l\u00edmite es dos piezas por cazador y d\u00eda, y cuatro perros m\u00e1ximos. En ning\u00fan caso, se admitir\u00e1n cuadrillas.<\/p>\n<p>Adem\u00e1s, esta orden establece prohibiciones y limitaciones en determinados espacios como Parque Natural de Islote de Lobos, en el Parque Natural de Corralejo, en el Monumento Natural Monta\u00f1a de Tindaya, en el Monumento Natural de Aju\u00ed, en el Monumento Natural Caldera de Gair\u00eda, en el Jable de Jand\u00eda dentro del Parque Natural de Jand\u00eda, y en el Sitio de Inter\u00e9s Cient\u00edfico Playa del Matorral, al tiempo que limita y proh\u00edbe en algunas zonas del resto de espacios naturales.<\/p>\n<p>Se proh\u00edbe tambi\u00e9n la caza en los lugares conocidos tradicionalmente como Refugio de Lajares, y Refugio de Tesjuate (Puerto del Rosario), adem\u00e1s de todos los campos de entrenamiento.<\/p>\n<\/div>\n","protected":false},"excerpt":{"rendered":"<p>3 septiembre, 2025 La Consejer\u00eda de Medio Ambiente y Caza reitera que cazar fuera de temporada o superar los l\u00edmites de piezas pone en riesgo el equilibrio natural y conlleva [&hellip;]<\/p>\n","protected":false},"author":1,"featured_media":10194,"comment_status":"open","ping_status":"open","sticky":false,"template":"","format":"standard","meta":{"inline_featured_image":false,"jnews-multi-image_gallery":[],"jnews_single_post":[],"jnews_primary_category":[],"jnews_social_meta":[],"jnews_override_counter":[],"jnews_post_split":[],"footnotes":""},"categories":[58],"tags":[82,76],"class_list":["post-10192","post","type-post","status-publish","format-standard","has-post-thumbnail","hentry","category-cabildo","tag-fuerteventura","tag-medio-ambiente"],"jetpack_featured_media_url":"https:\/\/informacionlocal.es\/wp-content\/uploads\/2025\/09\/areastematicas_caza.jpg","_links":{"self":[{"href":"https:\/\/informacionlocal.es\/en\/wp-json\/wp\/v2\/posts\/10192","targetHints":{"allow":["GET"]}}],"collection":[{"href":"https:\/\/informacionlocal.es\/en\/wp-json\/wp\/v2\/posts"}],"about":[{"href":"https:\/\/informacionlocal.es\/en\/wp-json\/wp\/v2\/types\/post"}],"author":[{"embeddable":true,"href":"https:\/\/informacionlocal.es\/en\/wp-json\/wp\/v2\/users\/1"}],"replies":[{"embeddable":true,"href":"https:\/\/informacionlocal.es\/en\/wp-json\/wp\/v2\/comments?post=10192"}],"version-history":[{"count":0,"href":"https:\/\/informacionlocal.es\/en\/wp-json\/wp\/v2\/posts\/10192\/revisions"}],"wp:featuredmedia":[{"embeddable":true,"href":"https:\/\/informacionlocal.es\/en\/wp-json\/wp\/v2\/media\/10194"}],"wp:attachment":[{"href":"https:\/\/informacionlocal.es\/en\/wp-json\/wp\/v2\/media?parent=10192"}],"wp:term":[{"taxonomy":"category","embeddable":true,"href":"https:\/\/informacionlocal.es\/en\/wp-json\/wp\/v2\/categories?post=10192"},{"taxonomy":"post_tag","embeddable":true,"href":"https:\/\/informacionlocal.es\/en\/wp-json\/wp\/v2\/tags?post=10192"}],"curies":[{"name":"wp","href":"https:\/\/api.w.org\/{rel}","templated":true}]}}