{"id":10182,"date":"2025-09-03T12:04:56","date_gmt":"2025-09-03T11:04:56","guid":{"rendered":"https:\/\/informacionlocal.es\/la-compania-livianas-provincianas-trae-hasta-puerto-del-rosario-la-obra-es-mi-hombre\/"},"modified":"2025-09-03T12:04:56","modified_gmt":"2025-09-03T11:04:56","slug":"la-compania-livianas-provincianas-trae-hasta-puerto-del-rosario-la-obra-es-mi-hombre","status":"publish","type":"post","link":"https:\/\/informacionlocal.es\/en\/la-compania-livianas-provincianas-trae-hasta-puerto-del-rosario-la-obra-es-mi-hombre\/","title":{"rendered":"La compa\u00f1\u00eda Livianas Provincianas trae hasta Puerto del Rosario la obra \u2018Es mi hombre\u2019"},"content":{"rendered":"<div class=\"entry-content\">\n<ul>\n<li><span><strong>Ser\u00e1 el 4 de septiembre, a las 21,00 horas, en la Plaza de la Paz de la capital<\/strong><\/span><strong>\u00a0<\/strong><\/li>\n<\/ul>\n<p><span><strong>En Puerto del Rosario, a 3 de septiembre de 2025.-<\/strong> El Festival \u2018A contracultura\u2019, que organiza la Concejal\u00eda de Cultura, suma teatro a su amplia programaci\u00f3n. La compa\u00f1\u00eda Livianas Provincianas representar\u00e1 \u2018Es mi hombre\u2019, un cabaret castizo y reivindicativo que revive los cupl\u00e9s cl\u00e1sicos con humor y m\u00fasica en directo. Ser\u00e1 el jueves, 4 de septiembre, a las 21.00 horas en la Plaza de la Paz de Puerto del Rosario.<\/span><\/p>\n<p><span>Con dramaturgia de Sergio Adillo, y con la interpretaci\u00f3n de\u00a0Irene Doher en el papel de Berta y Paloma Garc\u00eda-Consuegra en La Reme, la obra \u2018Es mi hombre\u2019 llega a Puerto del Rosario tras una gira que la ha llevado hasta las tablas\u00a0 del Teatro de la Zarzuela y Teatro del Barrio, en Madrid, adem\u00e1s de por varias provincias peninsulares.<\/span><\/p>\n<div class=\"wp-video\"><video class=\"wp-video-shortcode\" id=\"video-156906-1\" width=\"1080\" height=\"608\" preload=\"metadata\" controls=\"controls\"><source type=\"video\/mp4\" src=\"https:\/\/www.puertodelrosario.org\/wp-content\/uploads\/LIVIANAS-PROVINCIANAS-VIDEO.mp4?_=1\" \/><\/video><\/div>\n<p><span>La Berta y la Reme son dos modistas de pueblo que trabajan en Madrid, en un taller de costura clandestino, bajo el nombre de Livianas Provincianas. La Berta, que ha pasado toda su vida temiendo el qu\u00e9 dir\u00e1n, y la Reme, fuerte, valiente y luchadora, intentan ganarse la vida en la capital, pero las cosas no ser\u00e1n tan f\u00e1ciles. Entre pespunte y pespunte van recordando desde un nuevo punto de vista los cupl\u00e9s cl\u00e1sicos (algunos dram\u00e1ticos, pero la mayor\u00eda picantones), canciones que les han cantado las mujeres m\u00e1s importantes de sus vidas.<\/span><\/p>\n<p><span>\u201cEs mi hombre\u201d es un cabaret divertido, tierno, reivindicativo y gamberro en el que se mezcla la m\u00fasica en directo con mucha improvisaci\u00f3n, humor y un sentido homenaje a la historia de nuestras madres y abuelas.<\/span><\/p>\n<p><img loading=\"lazy\" decoding=\"async\" loading=\"lazy\" class=\"size-large wp-image-156908 aligncenter\" src=\"https:\/\/informacionlocal.es\/wp-content\/uploads\/2025\/09\/livianas-provincianas-575x1024-1.jpeg\" width=\"575\" height=\"1024\" title=\"livianas-provincianas-575x1024-1\"><\/p>\n<p><span>A trav\u00e9s de algunos de los cupl\u00e9s m\u00e1s famosos de la tradici\u00f3n popular, hechos famosos por artistas como Sara Montiel, Olga Ramos, Raquel Meller o la Fornarina, Livianas Provincianas revisita el g\u00e9nero m\u00e1s castizo acerc\u00e1ndose al \u2018cupl\u00e9-protesta\u2019 para darlo a conocer al p\u00fablico m\u00e1s novato y hacer disfrutar al m\u00e1s experimentado.<\/span><\/p>\n<\/div>\n","protected":false},"excerpt":{"rendered":"<p>Ser\u00e1 el 4 de septiembre, a las 21,00 horas, en la Plaza de la Paz de la capital\u00a0 En Puerto del Rosario, a 3 de septiembre de 2025.- El Festival [&hellip;]<\/p>\n","protected":false},"author":1,"featured_media":10184,"comment_status":"open","ping_status":"open","sticky":false,"template":"","format":"standard","meta":{"inline_featured_image":false,"jnews-multi-image_gallery":[],"jnews_single_post":[],"jnews_primary_category":[],"jnews_social_meta":[],"jnews_override_counter":[],"jnews_post_split":[],"footnotes":""},"categories":[61],"tags":[],"class_list":["post-10182","post","type-post","status-publish","format-standard","has-post-thumbnail","hentry","category-puerto-del-rosario"],"jetpack_featured_media_url":"https:\/\/informacionlocal.es\/wp-content\/uploads\/2025\/09\/a-contracultura-jueves-4-1.png","_links":{"self":[{"href":"https:\/\/informacionlocal.es\/en\/wp-json\/wp\/v2\/posts\/10182","targetHints":{"allow":["GET"]}}],"collection":[{"href":"https:\/\/informacionlocal.es\/en\/wp-json\/wp\/v2\/posts"}],"about":[{"href":"https:\/\/informacionlocal.es\/en\/wp-json\/wp\/v2\/types\/post"}],"author":[{"embeddable":true,"href":"https:\/\/informacionlocal.es\/en\/wp-json\/wp\/v2\/users\/1"}],"replies":[{"embeddable":true,"href":"https:\/\/informacionlocal.es\/en\/wp-json\/wp\/v2\/comments?post=10182"}],"version-history":[{"count":0,"href":"https:\/\/informacionlocal.es\/en\/wp-json\/wp\/v2\/posts\/10182\/revisions"}],"wp:featuredmedia":[{"embeddable":true,"href":"https:\/\/informacionlocal.es\/en\/wp-json\/wp\/v2\/media\/10184"}],"wp:attachment":[{"href":"https:\/\/informacionlocal.es\/en\/wp-json\/wp\/v2\/media?parent=10182"}],"wp:term":[{"taxonomy":"category","embeddable":true,"href":"https:\/\/informacionlocal.es\/en\/wp-json\/wp\/v2\/categories?post=10182"},{"taxonomy":"post_tag","embeddable":true,"href":"https:\/\/informacionlocal.es\/en\/wp-json\/wp\/v2\/tags?post=10182"}],"curies":[{"name":"wp","href":"https:\/\/api.w.org\/{rel}","templated":true}]}}