{"id":10158,"date":"2025-09-02T20:03:57","date_gmt":"2025-09-02T19:03:57","guid":{"rendered":"https:\/\/informacionlocal.es\/el-ayuntamiento-de-antigua-organiza-unas-neurolimpiadas-festivas-y-locales-con-betancuria\/"},"modified":"2025-09-02T20:03:57","modified_gmt":"2025-09-02T19:03:57","slug":"el-ayuntamiento-de-antigua-organiza-unas-neurolimpiadas-festivas-y-locales-con-betancuria","status":"publish","type":"post","link":"https:\/\/informacionlocal.es\/en\/el-ayuntamiento-de-antigua-organiza-unas-neurolimpiadas-festivas-y-locales-con-betancuria\/","title":{"rendered":"El Ayuntamiento de Antigua organiza unas neurolimpiadas festivas y locales con Betancuria."},"content":{"rendered":"<div class=\"elementor-widget-container\">\n<p><strong>El Ayuntamiento de Antigua organiza unas neurolimpiadas festivas y locales con Betancuria<\/strong>.<\/p>\n<p>Divertida ma\u00f1ana este martes 2 de septiembre, disfrutada por los mayores de Antigua y Betancuria en la plaza de la iglesia, donde en cada prueba han medido destreza, rapidez y concentraci\u00f3n en los juegos de habilidad.<\/p>\n<p>Unas Neurolimpiadas festivas y locales organizadas por el Ayuntamiento de Antigua desde las concejal\u00edas de Festejos con Pedro Armas al frente, y la concejal\u00eda de Servicios Sociales que dirige Am\u00e9rica Soto.<\/p>\n<p>El alcalde anfitri\u00f3n, Mat\u00edas Pe\u00f1a Garc\u00eda, dio la bienvenida a los equipos, siendo acompa\u00f1ado por la presidenta insular, Lola Garc\u00eda y el consejero de Asuntos Sociales, V\u00edctor Alonso, invitados al evento.<\/p>\n<p>\u00a0<\/p>\n<\/div>\n","protected":false},"excerpt":{"rendered":"<p><strong>El Ayuntamiento de Antigua organiza unas neurolimpiadas festivas y locales con Betancuria<\/strong><\/p>\n","protected":false},"author":1,"featured_media":10160,"comment_status":"open","ping_status":"open","sticky":false,"template":"","format":"standard","meta":{"inline_featured_image":false,"jnews-multi-image_gallery":[],"jnews_single_post":[],"jnews_primary_category":[],"jnews_social_meta":[],"jnews_override_counter":[],"jnews_post_split":[],"footnotes":""},"categories":[59],"tags":[],"class_list":["post-10158","post","type-post","status-publish","format-standard","has-post-thumbnail","hentry","category-antigua"],"jetpack_featured_media_url":"https:\/\/informacionlocal.es\/wp-content\/uploads\/2025\/09\/neurolimpiadas-festivas-en-antigua-1-scaled-1.jpg","_links":{"self":[{"href":"https:\/\/informacionlocal.es\/en\/wp-json\/wp\/v2\/posts\/10158","targetHints":{"allow":["GET"]}}],"collection":[{"href":"https:\/\/informacionlocal.es\/en\/wp-json\/wp\/v2\/posts"}],"about":[{"href":"https:\/\/informacionlocal.es\/en\/wp-json\/wp\/v2\/types\/post"}],"author":[{"embeddable":true,"href":"https:\/\/informacionlocal.es\/en\/wp-json\/wp\/v2\/users\/1"}],"replies":[{"embeddable":true,"href":"https:\/\/informacionlocal.es\/en\/wp-json\/wp\/v2\/comments?post=10158"}],"version-history":[{"count":0,"href":"https:\/\/informacionlocal.es\/en\/wp-json\/wp\/v2\/posts\/10158\/revisions"}],"wp:featuredmedia":[{"embeddable":true,"href":"https:\/\/informacionlocal.es\/en\/wp-json\/wp\/v2\/media\/10160"}],"wp:attachment":[{"href":"https:\/\/informacionlocal.es\/en\/wp-json\/wp\/v2\/media?parent=10158"}],"wp:term":[{"taxonomy":"category","embeddable":true,"href":"https:\/\/informacionlocal.es\/en\/wp-json\/wp\/v2\/categories?post=10158"},{"taxonomy":"post_tag","embeddable":true,"href":"https:\/\/informacionlocal.es\/en\/wp-json\/wp\/v2\/tags?post=10158"}],"curies":[{"name":"wp","href":"https:\/\/api.w.org\/{rel}","templated":true}]}}