{"id":10152,"date":"2025-09-02T18:59:42","date_gmt":"2025-09-02T17:59:42","guid":{"rendered":"https:\/\/informacionlocal.es\/fuerteventura-film-commission-estrena-su-primer-festival-de-cortometrajes\/"},"modified":"2025-09-02T18:59:42","modified_gmt":"2025-09-02T17:59:42","slug":"fuerteventura-film-commission-estrena-su-primer-festival-de-cortometrajes","status":"publish","type":"post","link":"https:\/\/informacionlocal.es\/en\/fuerteventura-film-commission-estrena-su-primer-festival-de-cortometrajes\/","title":{"rendered":"Fuerteventura Film Commission estrena su primer Festival de Cortometrajes"},"content":{"rendered":"<div class=\"entry-content\"><strong>2 septiembre, 2025<\/strong><\/p>\n<p><em><strong>El certamen busca impulsar el talento audiovisual, centrando su primera edici\u00f3n en la festividad de Nuestra Se\u00f1ora de La Pe\u00f1a<\/strong><\/em><\/p>\n<p><em><strong>Las personas interesadas pueden inscribirse ya, teniendo como plazo hasta el 14 de noviembre<\/strong><\/em><\/p>\n<p>Nace el Festival de Cortos \u2018Fuerteventura Film Commission\u2019, una iniciativa que busca impulsar el talento audiovisual y poner en valor su riqueza cultural y patrimonial. El certamen es desarrollado por Fuerteventura Film Commission, en colaboraci\u00f3n con el cineasta majorero Adri\u00e1n Tejero y su productora \u00c1rida Films.<\/p>\n<p>La presidenta del Cabildo de Fuerteventura, Lola Garc\u00eda, anima a todos los creadores y creadoras audiovisuales a participar en este festival, \u201cque invita a transformar ideas y contar experiencias inspiradas en nuestro paisaje y cultura\u201d.<\/p>\n<p>La intenci\u00f3n es que cada edici\u00f3n del festival se centre en una tem\u00e1tica espec\u00edfica, siendo este a\u00f1o a Nuestra Se\u00f1ora de La Pe\u00f1a. \u201cAlgo muy nuestro, ya que es s\u00edmbolo de uni\u00f3n de toda la Isla, desde la perspectiva de cada uno de los participantes que realicen los cortometrajes con una mirada creativa que va a enriquecer el relato\u201d, a\u00f1adi\u00f3 Lola Garc\u00eda.<\/p>\n<p>De esta manera, el Festival de Cortos Fuerteventura Film Commission invita a los y las participantes a inspirarse en esta tem\u00e1tica, sea cual sea el g\u00e9nero elegido.<\/p>\n<p>Para la consejera de Fuerteventura Film Commission, Nereida Calero, con esta iniciativa, \u201creafirmamos nuestra apuesta por el sector audiovisual en una isla que se ha consolidado como plat\u00f3 natural de rodajes internacionales y que ahora quiere seguir fortaleciendo su tejido creativo local y poner en valor nuestra identidad\u201d.<\/p>\n<p>Para garantizar el desarrollo y la calidad del festival, prosigui\u00f3 Calero, Fuerteventura Film Commission\u00a0contar\u00e1 con la colaboraci\u00f3n del cineasta majorero Adri\u00e1n Tejero y de la productora \u00c1rida Films \u201cquien acompa\u00f1a todo el proceso, desde la definici\u00f3n de las bases hasta la coordinaci\u00f3n del equipo profesional que se encargar\u00e1 de recibir, analizar y evaluar los cortos participantes\u201d. En este sentido, \u201cagradecemos que alguien de la tierra y con talento como Tejero haya aceptado sumarse a este reto\u201d, apunt\u00f3 la consejera insular.<\/p>\n<p>El cineasta majorero recalc\u00f3 la oportunidad que supone este festival \u201cpara revalorizar lo que tenemos en esta isla a nivel cultural\u201d. Anim\u00f3, adem\u00e1s, a participar a todas las personas interesadas, \u201cno s\u00f3lo profesionales, sino cualquier persona que quiera retratar nuestra identidad y costumbres\u201d.<\/p>\n<p>Los interesados pueden presentar ya sus trabajos, teniendo como plazo hasta el 14 de noviembre de 2025, a trav\u00e9s del formulario habilitado en la p\u00e1gina web Aridafilms.com\/festival o en el correo\u00a0festival@aridafilms.com.<\/p>\n<p>En la gala final se proyectar\u00e1n los cortometrajes seleccionados y se anunciar\u00e1 al ganador del premio al mejor cortometraje. El premio \u00fanico ser\u00e1 de 700 \u20ac.\u00a0<\/p>\n<\/div>\n","protected":false},"excerpt":{"rendered":"<p>2 septiembre, 2025 El certamen busca impulsar el talento audiovisual, centrando su primera edici\u00f3n en la festividad de Nuestra Se\u00f1ora de La Pe\u00f1a Las personas interesadas pueden inscribirse ya, teniendo [&hellip;]<\/p>\n","protected":false},"author":1,"featured_media":10154,"comment_status":"open","ping_status":"open","sticky":false,"template":"","format":"standard","meta":{"inline_featured_image":false,"jnews-multi-image_gallery":[],"jnews_single_post":[],"jnews_primary_category":[],"jnews_social_meta":[],"jnews_override_counter":[],"jnews_post_split":[],"footnotes":""},"categories":[58],"tags":[82],"class_list":["post-10152","post","type-post","status-publish","format-standard","has-post-thumbnail","hentry","category-cabildo","tag-fuerteventura"],"jetpack_featured_media_url":"https:\/\/informacionlocal.es\/wp-content\/uploads\/2025\/09\/1756816706-c114841b8ac5bfd28c2efcdf04a907c4.jpg","_links":{"self":[{"href":"https:\/\/informacionlocal.es\/en\/wp-json\/wp\/v2\/posts\/10152","targetHints":{"allow":["GET"]}}],"collection":[{"href":"https:\/\/informacionlocal.es\/en\/wp-json\/wp\/v2\/posts"}],"about":[{"href":"https:\/\/informacionlocal.es\/en\/wp-json\/wp\/v2\/types\/post"}],"author":[{"embeddable":true,"href":"https:\/\/informacionlocal.es\/en\/wp-json\/wp\/v2\/users\/1"}],"replies":[{"embeddable":true,"href":"https:\/\/informacionlocal.es\/en\/wp-json\/wp\/v2\/comments?post=10152"}],"version-history":[{"count":0,"href":"https:\/\/informacionlocal.es\/en\/wp-json\/wp\/v2\/posts\/10152\/revisions"}],"wp:featuredmedia":[{"embeddable":true,"href":"https:\/\/informacionlocal.es\/en\/wp-json\/wp\/v2\/media\/10154"}],"wp:attachment":[{"href":"https:\/\/informacionlocal.es\/en\/wp-json\/wp\/v2\/media?parent=10152"}],"wp:term":[{"taxonomy":"category","embeddable":true,"href":"https:\/\/informacionlocal.es\/en\/wp-json\/wp\/v2\/categories?post=10152"},{"taxonomy":"post_tag","embeddable":true,"href":"https:\/\/informacionlocal.es\/en\/wp-json\/wp\/v2\/tags?post=10152"}],"curies":[{"name":"wp","href":"https:\/\/api.w.org\/{rel}","templated":true}]}}