{"id":1013,"date":"2025-04-10T16:36:38","date_gmt":"2025-04-10T16:36:38","guid":{"rendered":"https:\/\/informacionlocal.es\/great-public-attendance-at-the-stand-of-puerto-del-rosario-in-feaga-and-tribute-to-the-coastal-livestock-of-the-municipality\/"},"modified":"2025-04-14T09:54:53","modified_gmt":"2025-04-14T09:54:53","slug":"great-public-attendance-at-the-stand-of-puerto-del-rosario-in-feaga-and-tribute-to-the-coastal-livestock-of-the-municipality","status":"publish","type":"post","link":"https:\/\/informacionlocal.es\/en\/great-public-attendance-at-the-stand-of-puerto-del-rosario-in-feaga-and-tribute-to-the-coastal-livestock-of-the-municipality\/","title":{"rendered":"Great public attendance at the stand of Puerto del Rosario in Feaga and tribute to the coastal livestock of the municipality."},"content":{"rendered":"<div class=\"entry-content\">\n<p><span class=\"html-span xexx8yu x4uap5 x18d9i69 xkhd6sd x1hl2dhg x16tdsg8 x1vvkbs x3nfvp2 x1j61x8r x1fcty0u xdj266r xat24cr xgzva0m xhhsvwb xxymvpz xlup9mm x1kky2od\"><img loading=\"lazy\" decoding=\"async\" loading=\"lazy\" class=\"xz74otr x168nmei x13lgxp2 x5pf9jr xo71vjh\" src=\"https:\/\/informacionlocal.es\/wp-content\/uploads\/2025\/04\/1f9c0.png\" alt=\"\ud83e\uddc0\" width=\"16\" height=\"16\" title=\"1f9c0\"><\/span><span class=\"html-span xexx8yu x4uap5 x18d9i69 xkhd6sd x1hl2dhg x16tdsg8 x1vvkbs x3nfvp2 x1j61x8r x1fcty0u xdj266r xat24cr xgzva0m xhhsvwb xxymvpz xlup9mm x1kky2od\"><img loading=\"lazy\" decoding=\"async\" loading=\"lazy\" class=\"xz74otr x168nmei x13lgxp2 x5pf9jr xo71vjh\" src=\"https:\/\/informacionlocal.es\/wp-content\/uploads\/2025\/04\/1f377.png\" alt=\"\ud83c\udf77\" width=\"16\" height=\"16\" title=\"1f377\"><\/span><span class=\"html-span xexx8yu x4uap5 x18d9i69 xkhd6sd x1hl2dhg x16tdsg8 x1vvkbs x3nfvp2 x1j61x8r x1fcty0u xdj266r xat24cr xgzva0m xhhsvwb xxymvpz xlup9mm x1kky2od\"><img loading=\"lazy\" decoding=\"async\" loading=\"lazy\" class=\"xz74otr x168nmei x13lgxp2 x5pf9jr xo71vjh\" src=\"https:\/\/informacionlocal.es\/wp-content\/uploads\/2025\/04\/1fadb.png\" alt=\"\ud83e\udedb\" width=\"16\" height=\"16\" title=\"1fadb\"><\/span><span class=\"html-span xexx8yu x4uap5 x18d9i69 xkhd6sd x1hl2dhg x16tdsg8 x1vvkbs x3nfvp2 x1j61x8r x1fcty0u xdj266r xat24cr xgzva0m xhhsvwb xxymvpz xlup9mm x1kky2od\"><img loading=\"lazy\" decoding=\"async\" loading=\"lazy\" class=\"xz74otr x168nmei x13lgxp2 x5pf9jr xo71vjh\" src=\"https:\/\/informacionlocal.es\/wp-content\/uploads\/2025\/04\/1f956.png\" alt=\"\ud83e\udd56\" width=\"16\" height=\"16\" title=\"1f956\"><\/span>A fantastic raspberry welcomes the capital&#8217;s stand with tastings of cheese, wine, capers, assorted bread or goat&#8217;s milk jelly beans, among others.<\/p>\n<div class=\"x11i5rnm xat24cr x1mh8g0r x1vvkbs xtlvy1s x126k92a\">\n<div dir=\"auto\"><span class=\"html-span xexx8yu x4uap5 x18d9i69 xkhd6sd x1hl2dhg x16tdsg8 x1vvkbs x3nfvp2 x1j61x8r x1fcty0u xdj266r xat24cr xgzva0m xhhsvwb xxymvpz xlup9mm x1kky2od\"><img loading=\"lazy\" decoding=\"async\" loading=\"lazy\" class=\"xz74otr x168nmei x13lgxp2 x5pf9jr xo71vjh\" src=\"https:\/\/informacionlocal.es\/wp-content\/uploads\/2025\/04\/1f3a5.png\" alt=\"\ud83c\udfa5\" width=\"16\" height=\"16\" title=\"1f3a5\"><\/span>  A video, with impressive aerial images, is projected on a screen showing the art of livestock farming in the municipality.<\/div>\n<\/div>\n<div class=\"x11i5rnm xat24cr x1mh8g0r x1vvkbs xtlvy1s x126k92a\">\n<div dir=\"auto\">The first day of this edition concludes with different performances:<\/div>\n<\/div>\n<div class=\"x11i5rnm xat24cr x1mh8g0r x1vvkbs xtlvy1s x126k92a\">\n<div dir=\"auto\"><span class=\"html-span xexx8yu x4uap5 x18d9i69 xkhd6sd x1hl2dhg x16tdsg8 x1vvkbs x3nfvp2 x1j61x8r x1fcty0u xdj266r xat24cr xgzva0m xhhsvwb xxymvpz xlup9mm x1kky2od\"><img loading=\"lazy\" decoding=\"async\" loading=\"lazy\" class=\"xz74otr x168nmei x13lgxp2 x5pf9jr xo71vjh\" src=\"https:\/\/informacionlocal.es\/wp-content\/uploads\/2025\/04\/2714.png\" alt=\"\u2714\ufe0f\" width=\"16\" height=\"16\" title=\"2714\"><\/span>Visit of regional and island authorities to the stand.<\/div>\n<div dir=\"auto\"><span class=\"html-span xexx8yu x4uap5 x18d9i69 xkhd6sd x1hl2dhg x16tdsg8 x1vvkbs x3nfvp2 x1j61x8r x1fcty0u xdj266r xat24cr xgzva0m xhhsvwb xxymvpz xlup9mm x1kky2od\"><img loading=\"lazy\" decoding=\"async\" loading=\"lazy\" class=\"xz74otr x168nmei x13lgxp2 x5pf9jr xo71vjh\" src=\"https:\/\/informacionlocal.es\/wp-content\/uploads\/2025\/04\/2714.png\" alt=\"\u2714\ufe0f\" width=\"16\" height=\"16\" title=\"2714\"><\/span>Participation of schoolchildren.<\/div>\n<div dir=\"auto\"><span class=\"html-span xexx8yu x4uap5 x18d9i69 xkhd6sd x1hl2dhg x16tdsg8 x1vvkbs x3nfvp2 x1j61x8r x1fcty0u xdj266r xat24cr xgzva0m xhhsvwb xxymvpz xlup9mm x1kky2od\"><img loading=\"lazy\" decoding=\"async\" loading=\"lazy\" class=\"xz74otr x168nmei x13lgxp2 x5pf9jr xo71vjh\" src=\"https:\/\/informacionlocal.es\/wp-content\/uploads\/2025\/04\/2714.png\" alt=\"\u2714\ufe0f\" width=\"16\" height=\"16\" title=\"2714\"><\/span>Visit of representatives of the National Police Corps (CNP), Civil Guard (GC) and Soria Light Infantry Regiment No. 9.<\/div>\n<\/div>\n<div class=\"x11i5rnm xat24cr x1mh8g0r x1vvkbs xtlvy1s x126k92a\">\n<div dir=\"auto\"><span class=\"html-span xexx8yu x4uap5 x18d9i69 xkhd6sd x1hl2dhg x16tdsg8 x1vvkbs x3nfvp2 x1j61x8r x1fcty0u xdj266r xat24cr xgzva0m xhhsvwb xxymvpz xlup9mm x1kky2od\"><img loading=\"lazy\" decoding=\"async\" loading=\"lazy\" class=\"xz74otr x168nmei x13lgxp2 x5pf9jr xo71vjh\" src=\"https:\/\/informacionlocal.es\/wp-content\/uploads\/2025\/04\/1f4d6.png\" alt=\"\ud83d\udcd6\" width=\"16\" height=\"16\" title=\"1f4d6\"><\/span>  An emotional tribute to the coastal livestock of the municipality, with the presentation of the book &#8220;Las apa\u00f1adas en la Costa de Puerto del Rosario&#8221; by historian Javier Cerde\u00f1a Garc\u00eda and the delivery of plaques of appreciation to:<\/div>\n<\/div>\n<div class=\"x11i5rnm xat24cr x1mh8g0r x1vvkbs xtlvy1s x126k92a\">\n<div dir=\"auto\"><span class=\"html-span xexx8yu x4uap5 x18d9i69 xkhd6sd x1hl2dhg x16tdsg8 x1vvkbs x3nfvp2 x1j61x8r x1fcty0u xdj266r xat24cr xgzva0m xhhsvwb xxymvpz xlup9mm x1kky2od\"><img loading=\"lazy\" decoding=\"async\" loading=\"lazy\" class=\"xz74otr x168nmei x13lgxp2 x5pf9jr xo71vjh\" src=\"https:\/\/informacionlocal.es\/wp-content\/uploads\/2025\/04\/1f410.png\" alt=\"\ud83d\udc10\" width=\"16\" height=\"16\" title=\"1f410\"><\/span>Cattlemen&#8217;s Association of the Mancom\u00fan of Puerto del Rosario &#8220;La Puipana&#8221;.<\/div>\n<\/div>\n<div class=\"x11i5rnm xat24cr x1mh8g0r x1vvkbs xtlvy1s x126k92a\">\n<div dir=\"auto\"><span class=\"html-span xexx8yu x4uap5 x18d9i69 xkhd6sd x1hl2dhg x16tdsg8 x1vvkbs x3nfvp2 x1j61x8r x1fcty0u xdj266r xat24cr xgzva0m xhhsvwb xxymvpz xlup9mm x1kky2od\"><img loading=\"lazy\" decoding=\"async\" loading=\"lazy\" class=\"xz74otr x168nmei x13lgxp2 x5pf9jr xo71vjh\" src=\"https:\/\/informacionlocal.es\/wp-content\/uploads\/2025\/04\/1f410.png\" alt=\"\ud83d\udc10\" width=\"16\" height=\"16\" title=\"1f410\"><\/span>Coastal Commissioner, Antonio Cabrera Morales.<\/div>\n<\/div>\n<div class=\"x11i5rnm xat24cr x1mh8g0r x1vvkbs xtlvy1s x126k92a\">\n<div dir=\"auto\"><span class=\"html-span xexx8yu x4uap5 x18d9i69 xkhd6sd x1hl2dhg x16tdsg8 x1vvkbs x3nfvp2 x1j61x8r x1fcty0u xdj266r xat24cr xgzva0m xhhsvwb xxymvpz xlup9mm x1kky2od\"><img loading=\"lazy\" decoding=\"async\" loading=\"lazy\" class=\"xz74otr x168nmei x13lgxp2 x5pf9jr xo71vjh\" src=\"https:\/\/informacionlocal.es\/wp-content\/uploads\/2025\/04\/1f5e3.png\" alt=\"\ud83d\udde3\" width=\"16\" height=\"16\" title=\"1f5e3\"><\/span>The mayor, David de Vera, invites everyone to visit the stand and get to know our gastronomic products, culture and traditions.<\/div>\n<\/div>\n<div class=\"x11i5rnm xat24cr x1mh8g0r x1vvkbs xtlvy1s x126k92a\">\n<div dir=\"auto\"><span class=\"html-span xexx8yu x4uap5 x18d9i69 xkhd6sd x1hl2dhg x16tdsg8 x1vvkbs x3nfvp2 x1j61x8r x1fcty0u xdj266r xat24cr xgzva0m xhhsvwb xxymvpz xlup9mm x1kky2od\"><img loading=\"lazy\" decoding=\"async\" loading=\"lazy\" class=\"xz74otr x168nmei x13lgxp2 x5pf9jr xo71vjh\" src=\"https:\/\/informacionlocal.es\/wp-content\/uploads\/2025\/04\/1f5e3.png\" alt=\"\ud83d\udde3\" width=\"16\" height=\"16\" title=\"1f5e3\"><\/span>The councilman of the Primary Sector, David de Le\u00f3n, was satisfied with the attraction of the stand by the public and the high participation.<\/div>\n<\/div>\n<div class=\"x11i5rnm xat24cr x1mh8g0r x1vvkbs xtlvy1s x126k92a\">\n<div dir=\"auto\">The councilors of Tourism, Rosa Rodr\u00edguez, Citizen Participation, Jenifer P\u00e9rez, Municipal Works, Ana Hern\u00e1ndez, and Local Development, Erica Gonz\u00e1lez were present at the different activities.<\/div>\n<\/div>\n<\/div>\n","protected":false},"excerpt":{"rendered":"<p>A fantastic raspberry welcomes the capital&#8217;s stand with tastings of cheese, wine, capers, assorted bread or goat&#8217;s milk jelly beans, among others. A video, with impressive aerial images, is projected [&hellip;]<\/p>\n","protected":false},"author":1,"featured_media":554,"comment_status":"open","ping_status":"open","sticky":false,"template":"","format":"standard","meta":{"inline_featured_image":false,"jnews-multi-image_gallery":[],"jnews_single_post":[],"jnews_primary_category":[],"jnews_social_meta":[],"jnews_override_counter":[],"jnews_post_split":[],"footnotes":""},"categories":[294],"tags":[189,187,190,208,186],"class_list":["post-1013","post","type-post","status-publish","format-standard","has-post-thumbnail","hentry","category-puerto-del-rosario-en","tag-cultura-y-ocio-en","tag-eventos-en","tag-fuerteventura-en","tag-integration","tag-municipios-en"],"jetpack_featured_media_url":"https:\/\/informacionlocal.es\/wp-content\/uploads\/2025\/04\/feaga-25-titu-placas-en-stand.jpg","_links":{"self":[{"href":"https:\/\/informacionlocal.es\/en\/wp-json\/wp\/v2\/posts\/1013","targetHints":{"allow":["GET"]}}],"collection":[{"href":"https:\/\/informacionlocal.es\/en\/wp-json\/wp\/v2\/posts"}],"about":[{"href":"https:\/\/informacionlocal.es\/en\/wp-json\/wp\/v2\/types\/post"}],"author":[{"embeddable":true,"href":"https:\/\/informacionlocal.es\/en\/wp-json\/wp\/v2\/users\/1"}],"replies":[{"embeddable":true,"href":"https:\/\/informacionlocal.es\/en\/wp-json\/wp\/v2\/comments?post=1013"}],"version-history":[{"count":1,"href":"https:\/\/informacionlocal.es\/en\/wp-json\/wp\/v2\/posts\/1013\/revisions"}],"predecessor-version":[{"id":1548,"href":"https:\/\/informacionlocal.es\/en\/wp-json\/wp\/v2\/posts\/1013\/revisions\/1548"}],"wp:featuredmedia":[{"embeddable":true,"href":"https:\/\/informacionlocal.es\/en\/wp-json\/wp\/v2\/media\/554"}],"wp:attachment":[{"href":"https:\/\/informacionlocal.es\/en\/wp-json\/wp\/v2\/media?parent=1013"}],"wp:term":[{"taxonomy":"category","embeddable":true,"href":"https:\/\/informacionlocal.es\/en\/wp-json\/wp\/v2\/categories?post=1013"},{"taxonomy":"post_tag","embeddable":true,"href":"https:\/\/informacionlocal.es\/en\/wp-json\/wp\/v2\/tags?post=1013"}],"curies":[{"name":"wp","href":"https:\/\/api.w.org\/{rel}","templated":true}]}}