{"id":10112,"date":"2025-09-02T14:58:32","date_gmt":"2025-09-02T13:58:32","guid":{"rendered":"https:\/\/informacionlocal.es\/el-historiador-julian-casanova-presenta-el-libro-franco-el-miercoles-3-de-septiembre\/"},"modified":"2025-09-02T14:58:32","modified_gmt":"2025-09-02T13:58:32","slug":"el-historiador-julian-casanova-presenta-el-libro-franco-el-miercoles-3-de-septiembre","status":"publish","type":"post","link":"https:\/\/informacionlocal.es\/en\/el-historiador-julian-casanova-presenta-el-libro-franco-el-miercoles-3-de-septiembre\/","title":{"rendered":"El historiador Juli\u00e1n Casanova presenta el libro \u2018Franco\u2019 el mi\u00e9rcoles 3 de septiembre"},"content":{"rendered":"<div class=\"entry-content\">\n<ul>\n<li><strong>Ser\u00e1 a las 20.00 horas en la Casa de la Cultura de Puerto del Rosario bajo el paraguas del Festival \u2018A contracultura\u2019.<\/strong><strong>\u00a0<\/strong><\/li>\n<\/ul>\n<p><strong>En Puerto del Rosario, a 2 de septiembre de 2025.-<\/strong> El historiador Juli\u00e1n Casanova, catedr\u00e1tico de Historia Contempor\u00e1nea por la Universidad de Zaragoza, presenta su nuevo libro \u2018Franco\u2019 (Cr\u00edtica, 2025) el pr\u00f3ximo 3 de septiembre a las 20.00 horas en la Casa de la Cultura de Puerto del Rosario, en el marco del Festival \u2018A contracultura\u2019 que organiza el Ayuntamiento de Puerto del Rosario.<\/p>\n<p>El profesor Juli\u00e1n Casanova, el mejor historiador de su generaci\u00f3n y el m\u00e1ximo especialista sobre el periodo, nos ofrece una biograf\u00eda informada y reveladora sobre la persona y el personaje que determin\u00f3 los destinos de Espa\u00f1a durante cuatro d\u00e9cadas.<\/p>\n<p>Cincuenta a\u00f1os despu\u00e9s de su muerte, Juli\u00e1n Casanova revela en el libro aspectos desconocidos por sus coet\u00e1neos y traza, para las nuevas generaciones, el retrato definitivo del dictador.<\/p>\n<p><img loading=\"lazy\" decoding=\"async\" loading=\"lazy\" class=\"size-large wp-image-156899 aligncenter\" src=\"https:\/\/informacionlocal.es\/wp-content\/uploads\/2025\/09\/a-contracultura-3-sept-1-576x1024-1.jpeg\" width=\"576\" height=\"1024\" title=\"a-contracultura-3-sept-1-576x1024-1\"><\/p>\n<p>Para ello, ha indagado en decenas de testimonios, libros y documentos que, con el poso de toda una trayectoria acad\u00e9mica y de investigaci\u00f3n, le permiten una aproximaci\u00f3n tan precisa y novedosa como relevante y sugestiva.<\/p>\n<p>El profesor Juli\u00e1n Casanova, el mejor historiador de su generaci\u00f3n y el m\u00e1ximo especialista sobre el per\u00edodo, nos ofrece una biograf\u00eda informada y reveladora sobre la persona y el personaje que determin\u00f3 los destinos de Espa\u00f1a durante cuatro d\u00e9cadas.<\/p>\n<p>Franco comenz\u00f3 el asalto al poder con una sublevaci\u00f3n militar y lo consigui\u00f3 a sangre y fuego en una guerra civil. Hasta entonces, hab\u00eda sido uno m\u00e1s entre sus medi\u00e1ticos hermanos, entre los despiadados africanistas y entre las estrellas ascendentes tentadas por la contrarrevoluci\u00f3n. La asunci\u00f3n del poder absoluto modific\u00f3 profundamente tanto su personalidad como su proyecci\u00f3n exterior y su c\u00edrculo \u00edntimo. A pesar de no contar con un cuerpo ideol\u00f3gico o program\u00e1tico consolidado y de su escaso carisma, su legado forma parte de nuestro pasado m\u00e1s reciente. Hoy, con este relato magistral, la reconstrucci\u00f3n biogr\u00e1fica est\u00e1 completa.<\/p>\n<p>Una biograf\u00eda pensada para los lectores y lectoras del siglo XXI en que relata la vida y conducta de un hombre, Francisco Franco Bahamonde, que dej\u00f3 una huella indeleble en la Espa\u00f1a del siglo XX.<\/p>\n<p>Casanova, m\u00e1ximo especialista sobre el per\u00edodo, ofrece una biograf\u00eda informada y reveladora que desgrana las circunstancias pol\u00edticas y sociales que permitieron al dictador llegar al poder y ejercerlo durante tanto tiempo.<\/p>\n<\/div>\n","protected":false},"excerpt":{"rendered":"<p>Ser\u00e1 a las 20.00 horas en la Casa de la Cultura de Puerto del Rosario bajo el paraguas del Festival \u2018A contracultura\u2019.\u00a0 En Puerto del Rosario, a 2 de septiembre [&hellip;]<\/p>\n","protected":false},"author":1,"featured_media":10114,"comment_status":"open","ping_status":"open","sticky":false,"template":"","format":"standard","meta":{"inline_featured_image":false,"jnews-multi-image_gallery":[],"jnews_single_post":[],"jnews_primary_category":[],"jnews_social_meta":[],"jnews_override_counter":[],"jnews_post_split":[],"footnotes":""},"categories":[61],"tags":[],"class_list":["post-10112","post","type-post","status-publish","format-standard","has-post-thumbnail","hentry","category-puerto-del-rosario"],"jetpack_featured_media_url":"https:\/\/informacionlocal.es\/wp-content\/uploads\/2025\/09\/campamento-de-verano-2.png","_links":{"self":[{"href":"https:\/\/informacionlocal.es\/en\/wp-json\/wp\/v2\/posts\/10112","targetHints":{"allow":["GET"]}}],"collection":[{"href":"https:\/\/informacionlocal.es\/en\/wp-json\/wp\/v2\/posts"}],"about":[{"href":"https:\/\/informacionlocal.es\/en\/wp-json\/wp\/v2\/types\/post"}],"author":[{"embeddable":true,"href":"https:\/\/informacionlocal.es\/en\/wp-json\/wp\/v2\/users\/1"}],"replies":[{"embeddable":true,"href":"https:\/\/informacionlocal.es\/en\/wp-json\/wp\/v2\/comments?post=10112"}],"version-history":[{"count":0,"href":"https:\/\/informacionlocal.es\/en\/wp-json\/wp\/v2\/posts\/10112\/revisions"}],"wp:featuredmedia":[{"embeddable":true,"href":"https:\/\/informacionlocal.es\/en\/wp-json\/wp\/v2\/media\/10114"}],"wp:attachment":[{"href":"https:\/\/informacionlocal.es\/en\/wp-json\/wp\/v2\/media?parent=10112"}],"wp:term":[{"taxonomy":"category","embeddable":true,"href":"https:\/\/informacionlocal.es\/en\/wp-json\/wp\/v2\/categories?post=10112"},{"taxonomy":"post_tag","embeddable":true,"href":"https:\/\/informacionlocal.es\/en\/wp-json\/wp\/v2\/tags?post=10112"}],"curies":[{"name":"wp","href":"https:\/\/api.w.org\/{rel}","templated":true}]}}