{"id":10106,"date":"2025-09-02T14:10:20","date_gmt":"2025-09-02T13:10:20","guid":{"rendered":"https:\/\/informacionlocal.es\/el-ayuntamiento-de-pajara-clausura-con-exito-el-campamento-de-verano-inclusivo-para-menores-neurodivergentes\/"},"modified":"2025-09-02T14:10:20","modified_gmt":"2025-09-02T13:10:20","slug":"el-ayuntamiento-de-pajara-clausura-con-exito-el-campamento-de-verano-inclusivo-para-menores-neurodivergentes","status":"publish","type":"post","link":"https:\/\/informacionlocal.es\/en\/el-ayuntamiento-de-pajara-clausura-con-exito-el-campamento-de-verano-inclusivo-para-menores-neurodivergentes\/","title":{"rendered":"El Ayuntamiento de P\u00e1jara clausura con \u00e9xito el campamento de verano inclusivo para menores neurodivergentes"},"content":{"rendered":"<div class=\"entry-content\">\n<p><b><i>La iniciativa, desarrollada con la colaboraci\u00f3n de la Asociaci\u00f3n Paso a Paso, ofreci\u00f3 un espacio adaptado para un total de 11 ni\u00f1os y ni\u00f1as\u00a0<\/i><\/b><\/p>\n<p><span>El Ayuntamiento de P\u00e1jara, en colaboraci\u00f3n con la Asociaci\u00f3n Paso a Paso, finaliz\u00f3 con \u00e9xito la segunda edici\u00f3n del campamento de verano inclusivo, dirigido a ni\u00f1as y ni\u00f1os neurodivergentes. Este a\u00f1o, un total de 11 menores participaron en esta iniciativa inclusiva que promueve el desarrollo, la diversi\u00f3n y la integraci\u00f3n social.\u00a0<\/span><\/p>\n<p><span>El campamento cont\u00f3 con actividades adaptadas y un entorno dise\u00f1ado para favorecer las necesidades espec\u00edficas de los participantes, fomentando la autonom\u00eda y las relaciones interpersonales.\u00a0<\/span><\/p>\n<p><span>La concejala de Accesibilidad, Evangelina S\u00e1nchez, destac\u00f3 la importancia de este proyecto y se\u00f1al\u00f3 que \u201ceste campamento representa un paso fundamental para garantizar que todos los ni\u00f1os y ni\u00f1as del municipio tengan acceso a actividades de ocio inclusivas, que respeten y potencien su diversidad\u201d.<\/span><\/p>\n<p><span>Por su parte, la concejala de Servicios Sociales, Kathaisa Rodr\u00edguez, subray\u00f3 que \u201cla colaboraci\u00f3n entre el Consistorio y la asociaci\u00f3n Paso a Paso es esencial para ofrecer apoyos personalizados. Nuestro objetivo es acompa\u00f1ar a las familias y promover un entorno social que valore y apoye la neurodiversidad\u201d.\u00a0<\/span><\/p>\n<p><span>La presidenta de la Asociaci\u00f3n Paso a Paso, Tamara Cabezudo, expres\u00f3 su agradecimiento al Ayuntamiento de P\u00e1jara por \u201cel apoyo y la confianza para hacer posible esta experiencia, que permite a nuestros ni\u00f1os y ni\u00f1as crecer, disfrutar y compartir en un espacio seguro\u201d.\u00a0<\/span><\/p>\n<p><span>Con esta iniciativa, el Consistorio consolida su compromiso con la promoci\u00f3n de entornos inclusivos y accesibles, que garanticen la participaci\u00f3n activa de todos los menores del municipio. <\/span><\/p>\n<\/div>\n","protected":false},"excerpt":{"rendered":"<p><i>La iniciativa, desarrollada con la colaboraci\u00f3n de la Asociaci\u00f3n Paso a Paso, ofreci\u00f3 un espacio adaptado para un total de 11 ni\u00f1os y ni\u00f1as\u00a0<\/i><\/p>\n","protected":false},"author":1,"featured_media":10108,"comment_status":"open","ping_status":"open","sticky":false,"template":"","format":"standard","meta":{"inline_featured_image":false,"jnews-multi-image_gallery":[],"jnews_single_post":[],"jnews_primary_category":[],"jnews_social_meta":[],"jnews_override_counter":[],"jnews_post_split":[],"footnotes":""},"categories":[63],"tags":[72],"class_list":["post-10106","post","type-post","status-publish","format-standard","has-post-thumbnail","hentry","category-pajara","tag-integracion"],"jetpack_featured_media_url":"https:\/\/informacionlocal.es\/wp-content\/uploads\/2025\/09\/whatsapp-image-2025-09-02-at-12-41-38-e1756813917192.jpeg","_links":{"self":[{"href":"https:\/\/informacionlocal.es\/en\/wp-json\/wp\/v2\/posts\/10106","targetHints":{"allow":["GET"]}}],"collection":[{"href":"https:\/\/informacionlocal.es\/en\/wp-json\/wp\/v2\/posts"}],"about":[{"href":"https:\/\/informacionlocal.es\/en\/wp-json\/wp\/v2\/types\/post"}],"author":[{"embeddable":true,"href":"https:\/\/informacionlocal.es\/en\/wp-json\/wp\/v2\/users\/1"}],"replies":[{"embeddable":true,"href":"https:\/\/informacionlocal.es\/en\/wp-json\/wp\/v2\/comments?post=10106"}],"version-history":[{"count":0,"href":"https:\/\/informacionlocal.es\/en\/wp-json\/wp\/v2\/posts\/10106\/revisions"}],"wp:featuredmedia":[{"embeddable":true,"href":"https:\/\/informacionlocal.es\/en\/wp-json\/wp\/v2\/media\/10108"}],"wp:attachment":[{"href":"https:\/\/informacionlocal.es\/en\/wp-json\/wp\/v2\/media?parent=10106"}],"wp:term":[{"taxonomy":"category","embeddable":true,"href":"https:\/\/informacionlocal.es\/en\/wp-json\/wp\/v2\/categories?post=10106"},{"taxonomy":"post_tag","embeddable":true,"href":"https:\/\/informacionlocal.es\/en\/wp-json\/wp\/v2\/tags?post=10106"}],"curies":[{"name":"wp","href":"https:\/\/api.w.org\/{rel}","templated":true}]}}