{"id":10088,"date":"2025-09-01T20:58:37","date_gmt":"2025-09-01T19:58:37","guid":{"rendered":"https:\/\/informacionlocal.es\/fuerteventura-se-prepara-para-la-cita-con-la-patrona-de-la-isla-en-las-fiestas-en-honor-a-nuestra-senora-de-la-pena-2025\/"},"modified":"2025-09-01T20:58:37","modified_gmt":"2025-09-01T19:58:37","slug":"fuerteventura-se-prepara-para-la-cita-con-la-patrona-de-la-isla-en-las-fiestas-en-honor-a-nuestra-senora-de-la-pena-2025","status":"publish","type":"post","link":"https:\/\/informacionlocal.es\/en\/fuerteventura-se-prepara-para-la-cita-con-la-patrona-de-la-isla-en-las-fiestas-en-honor-a-nuestra-senora-de-la-pena-2025\/","title":{"rendered":"Fuerteventura se prepara para la cita con la patrona de la isla en las Fiestas en Honor a Nuestra Se\u00f1ora de La Pe\u00f1a 2025"},"content":{"rendered":"<div class=\"entry-content\"><strong>1 septiembre, 2025<\/strong><\/p>\n<p><strong><em>Del 18 al 21 de septiembre, se celebrar\u00e1n diferentes actos religiosos, culturales y deportivos<\/em><\/strong><\/p>\n<p>Un a\u00f1o m\u00e1s, Fuerteventura celebra sus fiestas, del 18 al 21 de septiembre, en Honor a Nuestra Se\u00f1ora de La Pe\u00f1a, patrona de la isla. El Cabildo insular y el Ayuntamiento de Betancuria han presentado hoy, de manera oficial, el programa de actos, en el que se incluyen actividades dedicadas a la devoci\u00f3n, la gastronom\u00eda y la tradici\u00f3n.<\/p>\n<p>La presidenta del Cabildo, Lola Garc\u00eda, resalt\u00f3 que \u201cel mes de septiembre llega con una de las fiestas m\u00e1s esperadas por las personas que vivimos en la Isla\u201d. \u201cLas fiestas de nuestra patrona representa la esencia del pueblo de Fuerteventura: tradici\u00f3n, cultura y convivencia\u201d, a\u00f1adi\u00f3 Garc\u00eda, destacando la variada programaci\u00f3n, que se dirige a personas de todas las edades, \u201ccon el objetivo de que todos los caminos de Fuerteventura conduzcan a la Iglesia de Nuestra Se\u00f1ora de La Pe\u00f1a\u201d.<\/p>\n<p>Puso en valor, asimismo, el trabajo realizado desde la Consejer\u00eda de Cultura del Cabildo y del resto de \u00e1reas de forma transversal, agradeciendo, adem\u00e1s, al Ayuntamiento de Betancuria y su alcalde, cuyo trabajo da realce a estas fiestas,<\/p>\n<p>adem\u00e1s del resto de corporaciones municipales y todas las personas que lo hacen posible.<\/p>\n<p>Por su parte, el consejero de Cultura, Rayco Le\u00f3n, se\u00f1al\u00f3 que \u201cse presentan unas jornadas de encuentro en torno a la patrona, con una programaci\u00f3n intensa en la que habr\u00e1 desde actividades infantiles, m\u00fasica, deporte, gastronom\u00eda, la parte tradicional con romer\u00eda y encuentros folcl\u00f3ricos, adem\u00e1s de diferentes cuestiones patrimoniales\u201d.<\/p>\n<p>El alcalde de Betancuria, Enrique Cerde\u00f1a, apunt\u00f3 que \u201cya est\u00e1 todo preparado para que el municipio reciba con los brazos abiertos a las personas que acuden a las fiestas, esperando se celebre con la tranquilidad que caracteriza La Pe\u00f1a y la calidad que aportan todos los ayuntamientos de la Isla\u201d.<\/p>\n<p>En representaci\u00f3n de la Di\u00f3cesis de Canarias, Aday Garc\u00eda, \u00a0explic\u00f3 que \u201cdesde la rector\u00eda de este Santuario hemos preparado los diferentes actos religiosos para realzar la importancia de este lugar y la devoci\u00f3n de Fuerteventura a la Virgen de la Pe\u00f1a\u201d.<\/p>\n<p>Durante el acto, Inma de Armas, expres\u00f3 el honor que supone ser la pregonera de este a\u00f1o y adelant\u00f3 que \u201cofrecer\u00e1 una mirada sobre la historia que une a toda la Isla, de norte a sur y de este a oeste\u201d.<\/p>\n<p><strong>Programa de las Fiestas de La Pe\u00f1a 2025<\/strong><\/p>\n<p>La muestra de ganado abre los festejos. El s\u00e1bado 13 de septiembre y domingo 14 de septiembre se celebrar\u00e1, de 10.00 a 17.00 horas, la VIII Edici\u00f3n de la Muestra de Ganados de Betancuria (MUGABE). Durante todo el d\u00eda, adem\u00e1s de la tradicional exposici\u00f3n de ganado, habr\u00e1 mercadillo artesanal, muestra gastron\u00f3mica, y exhibiciones.<\/p>\n<p>El jueves 18 de septiembre a las 20.30 horas, ser\u00e1 el Preg\u00f3n, a cargo de Inmaculada de Armas, seguido de un espect\u00e1culo musical que marcar\u00e1 el inicio de los actos populares.<\/p>\n<p>El viernes 19 de septiembre a las 17.00 horas, tendr\u00e1 lugar la esperada Romer\u00eda-Ofrenda en Honor a Nuestra Se\u00f1ora de La Pe\u00f1a, que partir\u00e1 hacia el Santuario con la participaci\u00f3n de agrupaciones folkl\u00f3ricas y romeros llegados de toda la isla.<\/p>\n<p>El s\u00e1bado 20 a las 12.00 horas, se celebrar\u00e1 la procesi\u00f3n de la Virgen hasta la plaza, que culminar\u00e1 con la Solemne Eucarist\u00eda, presidida por el Obispo de la Di\u00f3cesis de Canarias. La celebraci\u00f3n se completar\u00e1 con una\u00a0degustaci\u00f3n\u00a0de puchero tradicional, encuentro con los centros de mayores y actuaciones musicales.<\/p>\n<p>El domingo 21 de septiembre, tras la lucha canaria en la plaza, a las 18.00 horas se celebrar\u00e1 la subida de la Virgen a su hornacina, poniendo el broche final a una intensa semana de fe y tradici\u00f3n.<\/p>\n<p>Las Fiestas en Honor a Nuestra Se\u00f1ora de La Pe\u00f1a convierten a la Vega de R\u00edo Palmas en un lugar de encuentro para miles de peregrinos, vecinos y visitantes que comparten una experiencia \u00fanica, en la que lo religioso y lo popular se unen en la celebraci\u00f3n m\u00e1s importante del calendario majorero.<\/p>\n<\/div>\n","protected":false},"excerpt":{"rendered":"<p>1 septiembre, 2025 Del 18 al 21 de septiembre, se celebrar\u00e1n diferentes actos religiosos, culturales y deportivos Un a\u00f1o m\u00e1s, Fuerteventura celebra sus fiestas, del 18 al 21 de septiembre, [&hellip;]<\/p>\n","protected":false},"author":1,"featured_media":10090,"comment_status":"open","ping_status":"open","sticky":false,"template":"","format":"standard","meta":{"inline_featured_image":false,"jnews-multi-image_gallery":[],"jnews_single_post":[],"jnews_primary_category":[],"jnews_social_meta":[],"jnews_override_counter":[],"jnews_post_split":[],"footnotes":""},"categories":[58],"tags":[82],"class_list":["post-10088","post","type-post","status-publish","format-standard","has-post-thumbnail","hentry","category-cabildo","tag-fuerteventura"],"jetpack_featured_media_url":"https:\/\/informacionlocal.es\/wp-content\/uploads\/2025\/09\/1756724319-059cf7d7d02ac2d1a4bc7b41f05ae92c.jpg","_links":{"self":[{"href":"https:\/\/informacionlocal.es\/en\/wp-json\/wp\/v2\/posts\/10088","targetHints":{"allow":["GET"]}}],"collection":[{"href":"https:\/\/informacionlocal.es\/en\/wp-json\/wp\/v2\/posts"}],"about":[{"href":"https:\/\/informacionlocal.es\/en\/wp-json\/wp\/v2\/types\/post"}],"author":[{"embeddable":true,"href":"https:\/\/informacionlocal.es\/en\/wp-json\/wp\/v2\/users\/1"}],"replies":[{"embeddable":true,"href":"https:\/\/informacionlocal.es\/en\/wp-json\/wp\/v2\/comments?post=10088"}],"version-history":[{"count":0,"href":"https:\/\/informacionlocal.es\/en\/wp-json\/wp\/v2\/posts\/10088\/revisions"}],"wp:featuredmedia":[{"embeddable":true,"href":"https:\/\/informacionlocal.es\/en\/wp-json\/wp\/v2\/media\/10090"}],"wp:attachment":[{"href":"https:\/\/informacionlocal.es\/en\/wp-json\/wp\/v2\/media?parent=10088"}],"wp:term":[{"taxonomy":"category","embeddable":true,"href":"https:\/\/informacionlocal.es\/en\/wp-json\/wp\/v2\/categories?post=10088"},{"taxonomy":"post_tag","embeddable":true,"href":"https:\/\/informacionlocal.es\/en\/wp-json\/wp\/v2\/tags?post=10088"}],"curies":[{"name":"wp","href":"https:\/\/api.w.org\/{rel}","templated":true}]}}