{"id":10082,"date":"2025-09-01T19:58:36","date_gmt":"2025-09-01T18:58:36","guid":{"rendered":"https:\/\/informacionlocal.es\/repique-centenario-de-las-campanas-de-antigua-en-honor-a-nuestra-senora-de-la-antigua\/"},"modified":"2025-09-01T19:58:36","modified_gmt":"2025-09-01T18:58:36","slug":"repique-centenario-de-las-campanas-de-antigua-en-honor-a-nuestra-senora-de-la-antigua","status":"publish","type":"post","link":"https:\/\/informacionlocal.es\/en\/repique-centenario-de-las-campanas-de-antigua-en-honor-a-nuestra-senora-de-la-antigua\/","title":{"rendered":"Repique centenario de las Campanas de Antigua en Honor a Nuestra Se\u00f1ora de La Antigua"},"content":{"rendered":"<div class=\"elementor-widget-container\">\n<p><strong>Repique centenario de las Campanas de Antigua en Honor a Nuestra Se\u00f1ora de La Antigua<\/strong><\/p>\n<p><strong>Con un ta\u00f1ir vigoroso, el joven campanero de Antigua, Samuel Brito Hern\u00e1ndez, repica las campanas cada d\u00eda de las Fiestas patronales en Honor a Nuestra Se\u00f1ora de La Antigua, manteniendo el repique tradicional que escucharon nuestros abuelos y anteriores generaciones en cada Fiesta de Antigua.<\/strong><\/p>\n<p>Un ta\u00f1ir que el joven Samuel aprendi\u00f3 del querido campanero ya fallecido D. Mauro Acosta, detalla el alcalde, Mat\u00edas Pe\u00f1a, que agradece al campanero Brito Hern\u00e1ndez su implicaci\u00f3n cada d\u00eda a las 07:00 horas con Saludo ma\u00f1anero de las Fiestas, como a las doce del mediod\u00eda, siendo un espect\u00e1culo para los que le ven desde la plaza principal, como para los que le escuchan en Antigua y pueblos de alrededor.<\/p>\n<div class=\"wp-video\"><video class=\"wp-video-shortcode\" id=\"video-9184-1\" width=\"800\" height=\"450\" preload=\"metadata\" controls=\"controls\"><source type=\"video\/mp4\" src=\"https:\/\/ayto-antigua.es\/wp-content\/uploads\/2025\/09\/20250901_120306.mp4?_=1\" \/><\/video><\/div>\n<\/div>\n","protected":false},"excerpt":{"rendered":"<p><strong>Repique centenario de las Campanas de Antigua en Honor a Nuestra Se\u00f1ora de La Antigua<\/strong><\/p>\n","protected":false},"author":1,"featured_media":10084,"comment_status":"open","ping_status":"open","sticky":false,"template":"","format":"standard","meta":{"inline_featured_image":false,"jnews-multi-image_gallery":[],"jnews_single_post":[],"jnews_primary_category":[],"jnews_social_meta":[],"jnews_override_counter":[],"jnews_post_split":[],"footnotes":""},"categories":[59],"tags":[],"class_list":["post-10082","post","type-post","status-publish","format-standard","has-post-thumbnail","hentry","category-antigua"],"jetpack_featured_media_url":"https:\/\/informacionlocal.es\/wp-content\/uploads\/2025\/09\/alcalde-con-el-campanero-samuel-brito-hernandez.jpg","_links":{"self":[{"href":"https:\/\/informacionlocal.es\/en\/wp-json\/wp\/v2\/posts\/10082","targetHints":{"allow":["GET"]}}],"collection":[{"href":"https:\/\/informacionlocal.es\/en\/wp-json\/wp\/v2\/posts"}],"about":[{"href":"https:\/\/informacionlocal.es\/en\/wp-json\/wp\/v2\/types\/post"}],"author":[{"embeddable":true,"href":"https:\/\/informacionlocal.es\/en\/wp-json\/wp\/v2\/users\/1"}],"replies":[{"embeddable":true,"href":"https:\/\/informacionlocal.es\/en\/wp-json\/wp\/v2\/comments?post=10082"}],"version-history":[{"count":0,"href":"https:\/\/informacionlocal.es\/en\/wp-json\/wp\/v2\/posts\/10082\/revisions"}],"wp:featuredmedia":[{"embeddable":true,"href":"https:\/\/informacionlocal.es\/en\/wp-json\/wp\/v2\/media\/10084"}],"wp:attachment":[{"href":"https:\/\/informacionlocal.es\/en\/wp-json\/wp\/v2\/media?parent=10082"}],"wp:term":[{"taxonomy":"category","embeddable":true,"href":"https:\/\/informacionlocal.es\/en\/wp-json\/wp\/v2\/categories?post=10082"},{"taxonomy":"post_tag","embeddable":true,"href":"https:\/\/informacionlocal.es\/en\/wp-json\/wp\/v2\/tags?post=10082"}],"curies":[{"name":"wp","href":"https:\/\/api.w.org\/{rel}","templated":true}]}}