{"id":10010,"date":"2025-08-30T18:01:03","date_gmt":"2025-08-30T17:01:03","guid":{"rendered":"https:\/\/informacionlocal.es\/el-cabildo-de-fuerteventura-bautiza-el-primer-barco-escuela-de-vela-latina\/"},"modified":"2025-08-30T18:01:03","modified_gmt":"2025-08-30T17:01:03","slug":"el-cabildo-de-fuerteventura-bautiza-el-primer-barco-escuela-de-vela-latina","status":"publish","type":"post","link":"https:\/\/informacionlocal.es\/en\/el-cabildo-de-fuerteventura-bautiza-el-primer-barco-escuela-de-vela-latina\/","title":{"rendered":"El Cabildo de Fuerteventura bautiza el primer barco-escuela de vela latina"},"content":{"rendered":"<div class=\"entry-content\"><strong>30 agosto, 2025<\/strong><\/p>\n<p><strong><em>La embarcaci\u00f3n, de cinco metros de eslora, es bautizada como ISLA DE FUERTEVENTURA<\/em><\/strong><\/p>\n<p>El Cabildo de Fuerteventura, a trav\u00e9s de la Consejer\u00eda de Deportes que dirige Luis Gonz\u00e1lez, da un nuevo paso en la conservaci\u00f3n y promoci\u00f3n de sus tradiciones deportivas con el bautismo del primer barco-escuela de vela latina.<\/p>\n<p>Este proyecto pionero es financiado por la Corporaci\u00f3n insular a trav\u00e9s de un convenio con la Federaci\u00f3n Insular de Vela Latina, entidad encargada de la gesti\u00f3n y mantenimiento del barquillo.<\/p>\n<p>La embarcaci\u00f3n, bautizada con el nombre de ISLA DE FUERTEVENTURA, mide cinco metros de eslora y ha sido construida artesanalmente por el carpintero Santiago Gonz\u00e1lez y dise\u00f1ada est\u00e9ticamente por el artista Silvestre Chac\u00f3n.<\/p>\n<p>La iniciativa surge con una finalidad formativa y otra competitiva, las cuales se enmarcan dentro de la Ley Canaria de la Actividad F\u00edsica y el Deporte, que otorga prioridad a la promoci\u00f3n de los deportes tradicionales, los juegos aut\u00f3ctonos y las disciplinas n\u00e1uticas.<\/p>\n<p>Por un lado, en la formativa ser\u00e1 utilizado para impartir formaci\u00f3n y acercar la vela latina a los centros educativos de la isla, con sesiones impartidas por monitores cualificados.\u00a0<\/p>\n<p>Por otro lado, servir\u00e1 a nivel competitivo para que nuevas tripulaciones tengan acceso a las competiciones insulares. Para esta primera temporada, ha sido el Club de Regatas Islas del Viento quien ha presentado el ISLA DE FUERTEVENTURA en la primera jornada de la Liga del Cabildo de Vela Latina de Fuerteventura, tras el acto oficial de bautizo de la embarcaci\u00f3n.<\/p>\n<p>La presidenta insular, Lola Garc\u00eda, indic\u00f3 que \u201cen los \u00faltimos dos a\u00f1os, hemos redoblado nuestros esfuerzos desde el \u00e1rea de Deportes para apoyar a la vela latina. Hoy, vemos los frutos de ese trabajo compartido: m\u00e1s barquillos, m\u00e1s tripulaciones, m\u00e1s participaci\u00f3n y, sobre todo, m\u00e1s futuro para este deporte tan nuestro\u201d.<\/p>\n<p>Por su parte, el consejero de Deportes, Luis Gonz\u00e1lez, a\u00f1adi\u00f3 que \u201ccon este acto, damos un paso m\u00e1s hacia la conservaci\u00f3n de nuestras ra\u00edces que, adem\u00e1s, sirve como herramienta clave para asegurar el relevo generacional y acercar a los j\u00f3venes a una tradici\u00f3n que forma parte de nuestra identidad como isla\u201d.<\/p>\n<p>En los dos \u00faltimos a\u00f1os, el Cabildo, desde el \u00e1rea de Deportes, ha incrementado significativamente su apoyo a la vela latina, permitiendo, a trav\u00e9s de la Federaci\u00f3n Insular, el desarrollo de un programa formativo consolidado y un calendario de competiciones insulares cada vez m\u00e1s nutrido.<\/p>\n<\/div>\n","protected":false},"excerpt":{"rendered":"<p>30 agosto, 2025 La embarcaci\u00f3n, de cinco metros de eslora, es bautizada como ISLA DE FUERTEVENTURA El Cabildo de Fuerteventura, a trav\u00e9s de la Consejer\u00eda de Deportes que dirige Luis [&hellip;]<\/p>\n","protected":false},"author":1,"featured_media":10012,"comment_status":"open","ping_status":"open","sticky":false,"template":"","format":"standard","meta":{"inline_featured_image":false,"jnews-multi-image_gallery":[],"jnews_single_post":[],"jnews_primary_category":[],"jnews_social_meta":[],"jnews_override_counter":[],"jnews_post_split":[],"footnotes":""},"categories":[58],"tags":[82],"class_list":["post-10010","post","type-post","status-publish","format-standard","has-post-thumbnail","hentry","category-cabildo","tag-fuerteventura"],"jetpack_featured_media_url":"https:\/\/informacionlocal.es\/wp-content\/uploads\/2025\/08\/1756570372-cdc1bc4a3a796b512d604b9e7c090924.jpg","_links":{"self":[{"href":"https:\/\/informacionlocal.es\/en\/wp-json\/wp\/v2\/posts\/10010","targetHints":{"allow":["GET"]}}],"collection":[{"href":"https:\/\/informacionlocal.es\/en\/wp-json\/wp\/v2\/posts"}],"about":[{"href":"https:\/\/informacionlocal.es\/en\/wp-json\/wp\/v2\/types\/post"}],"author":[{"embeddable":true,"href":"https:\/\/informacionlocal.es\/en\/wp-json\/wp\/v2\/users\/1"}],"replies":[{"embeddable":true,"href":"https:\/\/informacionlocal.es\/en\/wp-json\/wp\/v2\/comments?post=10010"}],"version-history":[{"count":0,"href":"https:\/\/informacionlocal.es\/en\/wp-json\/wp\/v2\/posts\/10010\/revisions"}],"wp:featuredmedia":[{"embeddable":true,"href":"https:\/\/informacionlocal.es\/en\/wp-json\/wp\/v2\/media\/10012"}],"wp:attachment":[{"href":"https:\/\/informacionlocal.es\/en\/wp-json\/wp\/v2\/media?parent=10010"}],"wp:term":[{"taxonomy":"category","embeddable":true,"href":"https:\/\/informacionlocal.es\/en\/wp-json\/wp\/v2\/categories?post=10010"},{"taxonomy":"post_tag","embeddable":true,"href":"https:\/\/informacionlocal.es\/en\/wp-json\/wp\/v2\/tags?post=10010"}],"curies":[{"name":"wp","href":"https:\/\/api.w.org\/{rel}","templated":true}]}}