{"id":10004,"date":"2025-08-29T19:58:55","date_gmt":"2025-08-29T18:58:55","guid":{"rendered":"https:\/\/informacionlocal.es\/mas-de-500-vecinos-arropan-el-pregon-de-pepa-dando-comienzo-a-las-fiestas-de-antigua\/"},"modified":"2025-08-29T19:58:55","modified_gmt":"2025-08-29T18:58:55","slug":"mas-de-500-vecinos-arropan-el-pregon-de-pepa-dando-comienzo-a-las-fiestas-de-antigua","status":"publish","type":"post","link":"https:\/\/informacionlocal.es\/en\/mas-de-500-vecinos-arropan-el-pregon-de-pepa-dando-comienzo-a-las-fiestas-de-antigua\/","title":{"rendered":"M\u00e1s de 500 vecinos arropan el Preg\u00f3n de Pepa dando comienzo a las Fiestas de Antigua"},"content":{"rendered":"<div class=\"elementor-widget-container\">\n<p><strong>M\u00e1s de 500 vecinos arropan el Preg\u00f3n de Pepa dando comienzo a las Fiestas de Antigua<\/strong><\/p>\n<p><strong>\u2022 Do\u00f1a Pepa Hern\u00e1ndez Jord\u00e1n dio inicio a las Fiestas de Antigua 2025, acompa\u00f1ada en todo momento de la Charanga y Parranda El Campillo, componentes de la murga Cachivaches, vecinos y vecinas de pie y sentados en las 500 sillas dispuestas en la plaza de Antigua. <\/strong><br \/><strong>\u2022 Las Fiestas comienzan con un Viva Nuestra Se\u00f1ora de La Antigua ofreciendo un fin de semana de Verbena, fiestas infantiles y la Comida de Hermandad este domingo al mediod\u00eda. <\/strong><br \/><strong>\u2022 La Comisi\u00f3n de Fiestas de Antigua participa destacadamente en la decoraci\u00f3n del escenario y acomodamiento de vecinos en la plaza.<\/strong><\/p>\n<p>Un Preg\u00f3n detallado, hist\u00f3rico, de recuerdo, emotivo y comprometido, a la altura de una pregonera como Pepa Hern\u00e1ndez Jord\u00e1n, que como rezaba la placa entregada por el alcalde, Mat\u00edas Pe\u00f1a, \u2018Gracias por compartir siempre camino y dejar huella en tu pueblo\u2019<\/p>\n<p>M\u00e1s de 500 vecinos, vecinas, familiares y amigos arroparon el Preg\u00f3n de las Fiestas de Antigua, y a su pregonera acompa\u00f1ada en el escenario por el timplista V\u00edctor Est\u00e1rico y el pianista Domingo Saavedra, adem\u00e1s de las actuaciones de la charanga y parranda El Campillo o la presencia de las componentes de la murga Los Cachivaches.<\/p>\n<p>Las Fiestas de Antigua comienzan con una magn\u00edfica noche en la que no falt\u00f3, adem\u00e1s del arrope vecinal, la presencia de las principales autoridades de las Fuerzas y Cuerpos de Seguridad, la presidenta insular Lola Garc\u00eda, la delegada del Gobierno, Mar\u00eda Jes\u00fas De la Cruz, o la Senadora, Paloma Hern\u00e1ndez, entre otros representantes, que se unieron a una sola voz con todos los asistentes en el v\u00edtore Viva Nuestra Se\u00f1ora de La Antigua, cuya imagen estuvo presente durante todo el acto, en el arco de entrada a la centenaria Iglesia.<\/p>\n<p>Contin\u00faan las Fiestas de Antigua ofreciendo un fin de semana de Verbena, fiestas infantiles y la Comida de Hermandad este domingo al mediod\u00eda, unas Fiestas en las que el<br \/>\nalcalde destaca especialmente a la Comisi\u00f3n de Fiestas de Antigua por su implicaci\u00f3n, compromiso y labor en cada detalle, desde propuestas y organizaci\u00f3n de eventos como despliegue y recogida de sillas para acomodar a los asistentes, decoraci\u00f3n de escenarios y un sinf\u00edn de detalles necesarios en cada festejo, y a\u00f1ade el regidor Mat\u00edas Pe\u00f1a, reitero lo que siempre digo p\u00fablicamente, disculpando no haber hecho menci\u00f3n durante la noche del Preg\u00f3n, por la emoci\u00f3n de una noche tan significativa en la que seguro quedaron muchas m\u00e1s cosas que decir.<\/p>\n<\/div>\n","protected":false},"excerpt":{"rendered":"<p><strong>M\u00e1s de 500 vecinos arropan el Preg\u00f3n de Pepa dando comienzo a las Fiestas de Antigua<\/strong><\/p>\n","protected":false},"author":1,"featured_media":10006,"comment_status":"open","ping_status":"open","sticky":false,"template":"","format":"standard","meta":{"inline_featured_image":false,"jnews-multi-image_gallery":[],"jnews_single_post":[],"jnews_primary_category":[],"jnews_social_meta":[],"jnews_override_counter":[],"jnews_post_split":[],"footnotes":""},"categories":[59],"tags":[69],"class_list":["post-10004","post","type-post","status-publish","format-standard","has-post-thumbnail","hentry","category-antigua","tag-eventos"],"jetpack_featured_media_url":"https:\/\/informacionlocal.es\/wp-content\/uploads\/2025\/08\/20250828_215946-scaled-1.jpg","_links":{"self":[{"href":"https:\/\/informacionlocal.es\/en\/wp-json\/wp\/v2\/posts\/10004","targetHints":{"allow":["GET"]}}],"collection":[{"href":"https:\/\/informacionlocal.es\/en\/wp-json\/wp\/v2\/posts"}],"about":[{"href":"https:\/\/informacionlocal.es\/en\/wp-json\/wp\/v2\/types\/post"}],"author":[{"embeddable":true,"href":"https:\/\/informacionlocal.es\/en\/wp-json\/wp\/v2\/users\/1"}],"replies":[{"embeddable":true,"href":"https:\/\/informacionlocal.es\/en\/wp-json\/wp\/v2\/comments?post=10004"}],"version-history":[{"count":0,"href":"https:\/\/informacionlocal.es\/en\/wp-json\/wp\/v2\/posts\/10004\/revisions"}],"wp:featuredmedia":[{"embeddable":true,"href":"https:\/\/informacionlocal.es\/en\/wp-json\/wp\/v2\/media\/10006"}],"wp:attachment":[{"href":"https:\/\/informacionlocal.es\/en\/wp-json\/wp\/v2\/media?parent=10004"}],"wp:term":[{"taxonomy":"category","embeddable":true,"href":"https:\/\/informacionlocal.es\/en\/wp-json\/wp\/v2\/categories?post=10004"},{"taxonomy":"post_tag","embeddable":true,"href":"https:\/\/informacionlocal.es\/en\/wp-json\/wp\/v2\/tags?post=10004"}],"curies":[{"name":"wp","href":"https:\/\/api.w.org\/{rel}","templated":true}]}}