{"id":9992,"date":"2025-08-29T17:58:23","date_gmt":"2025-08-29T16:58:23","guid":{"rendered":"https:\/\/informacionlocal.es\/i-carrera-de-caballos-fiestas-de-antigua-en-fuerteventura\/"},"modified":"2025-08-29T17:58:23","modified_gmt":"2025-08-29T16:58:23","slug":"i-carrera-de-caballos-fiestas-de-antigua-en-fuerteventura","status":"publish","type":"post","link":"https:\/\/informacionlocal.es\/de\/i-carrera-de-caballos-fiestas-de-antigua-en-fuerteventura\/","title":{"rendered":"I Carrera de Caballos Fiestas de Antigua en Fuerteventura"},"content":{"rendered":"<div class=\"elementor-widget-container\">\n<p><strong>I Carrera de Caballos Fiestas de Antigua en Fuerteventura<\/strong><\/p>\n<p><strong>\u2022 Las Fiestas de Antigua acogen entre sus destacados eventos y citas festivas, musicales y deportivas, la Primera carrera de Caballos oficial que se celebra en Fuerteventura.<\/strong><\/p>\n<p><strong>\u2022 La I Carrera de Caballos Fiestas de Antigua, respaldada por la Federaci\u00f3n Canaria de H\u00edpica, se celebra este s\u00e1bado 30 de agosto en el circuito de la Granja Experimental de Pozo Negro a las 11:00 horas.<\/strong><\/p>\n<p>Por vez primera en Fuerteventura, el club Cuadras Islas Fuerteventura organiza con el respaldo de la Federaci\u00f3n Canaria de H\u00edpica la I Carrera de Caballos Fiestas de Antigua, incluida en el Campeonato Interinsular de la temporada 2025\/26 en honor a Juan S\u00e1nchez.<\/p>\n<p>Respaldar y apoyar esta primera carrera de caballos en Fuerteventura es defender esta disciplina deportiva y apostar por la continuidad de clubs y centros h\u00edpicos, afirma el alcalde de Antigua y consejero de Agricultura Ganader\u00eda y Pesca, Mat\u00edas Pe\u00f1a Garc\u00eda.<\/p>\n<p>A nivel deportivo, se\u00f1ala el concejal de \u00e1rea, Samuel Torres Mesa, supone tambi\u00e9n gracias al esfuerzo organizativo de Cuadras Islas Fuerteventura y el respaldo de la Federaci\u00f3n Canaria, introducir la isla y el Municipio de Antigua en el circuito insular y, si todo va bien, en un pr\u00f3ximo futuro, en temporadas regionales de carreras de caballos.<\/p>\n<p>Un emocionante espect\u00e1culo ecuestre que cuenta con la colaboraci\u00f3n del Cabildo de Fuerteventura, el Ayuntamiento de Antigua, y el respaldo del Gobierno de Canarias, Cabildo de Gran Canaria y el patrocino de Howden seguros.<\/p>\n<p>La I Carrera de Caballos Fiestas de Antigua se celebra este s\u00e1bado en la Granja Experimental de Pozo Negro desde las 11:00 horas. Una emocionante carrera en la que jinetes y caballos tendr\u00e1n que medir su fuerza y pericia en diferentes categor\u00edas desde 1.200 metros a 2.000 metros.<\/p>\n<\/div>\n","protected":false},"excerpt":{"rendered":"<p><strong>I Carrera de Caballos Fiestas de Antigua en Fuerteventura<\/strong><\/p>\n","protected":false},"author":1,"featured_media":9994,"comment_status":"open","ping_status":"open","sticky":false,"template":"","format":"standard","meta":{"inline_featured_image":false,"jnews-multi-image_gallery":[],"jnews_single_post":[],"jnews_primary_category":[],"jnews_social_meta":[],"jnews_override_counter":[],"jnews_post_split":[],"footnotes":""},"categories":[59],"tags":[69,82],"class_list":["post-9992","post","type-post","status-publish","format-standard","has-post-thumbnail","hentry","category-antigua","tag-eventos","tag-fuerteventura"],"jetpack_featured_media_url":"https:\/\/informacionlocal.es\/wp-content\/uploads\/2025\/08\/primera-carrera-de-caballos-fiestas-de-antigua.jpg","_links":{"self":[{"href":"https:\/\/informacionlocal.es\/de\/wp-json\/wp\/v2\/posts\/9992","targetHints":{"allow":["GET"]}}],"collection":[{"href":"https:\/\/informacionlocal.es\/de\/wp-json\/wp\/v2\/posts"}],"about":[{"href":"https:\/\/informacionlocal.es\/de\/wp-json\/wp\/v2\/types\/post"}],"author":[{"embeddable":true,"href":"https:\/\/informacionlocal.es\/de\/wp-json\/wp\/v2\/users\/1"}],"replies":[{"embeddable":true,"href":"https:\/\/informacionlocal.es\/de\/wp-json\/wp\/v2\/comments?post=9992"}],"version-history":[{"count":0,"href":"https:\/\/informacionlocal.es\/de\/wp-json\/wp\/v2\/posts\/9992\/revisions"}],"wp:featuredmedia":[{"embeddable":true,"href":"https:\/\/informacionlocal.es\/de\/wp-json\/wp\/v2\/media\/9994"}],"wp:attachment":[{"href":"https:\/\/informacionlocal.es\/de\/wp-json\/wp\/v2\/media?parent=9992"}],"wp:term":[{"taxonomy":"category","embeddable":true,"href":"https:\/\/informacionlocal.es\/de\/wp-json\/wp\/v2\/categories?post=9992"},{"taxonomy":"post_tag","embeddable":true,"href":"https:\/\/informacionlocal.es\/de\/wp-json\/wp\/v2\/tags?post=9992"}],"curies":[{"name":"wp","href":"https:\/\/api.w.org\/{rel}","templated":true}]}}