{"id":999,"date":"2025-04-10T16:34:33","date_gmt":"2025-04-10T16:34:33","guid":{"rendered":"https:\/\/informacionlocal.es\/puerto-del-rosario-verbessert-die-zugaenglichkeit-und-fussgaengersicherheit-in-der-calle-andalusia-mit-dem-beginn-neuer-arbeiten\/"},"modified":"2025-04-14T10:06:01","modified_gmt":"2025-04-14T10:06:01","slug":"puerto-del-rosario-verbessert-die-zugaenglichkeit-und-fussgaengersicherheit-in-der-calle-andalusia-mit-dem-beginn-neuer-arbeiten","status":"publish","type":"post","link":"https:\/\/informacionlocal.es\/de\/puerto-del-rosario-verbessert-die-zugaenglichkeit-und-fussgaengersicherheit-in-der-calle-andalusia-mit-dem-beginn-neuer-arbeiten\/","title":{"rendered":"Puerto del Rosario verbessert die Zug\u00e4nglichkeit und Fu\u00dfg\u00e4ngersicherheit in der Calle Andalusia mit dem Beginn neuer Arbeiten"},"content":{"rendered":"<div class=\"entry-content\">\n<p>Am Freitagmorgen, dem 4. April, hat das Rathaus von Puerto del Rosario den Akt des Beginns der Arbeiten f\u00fcr die Durchf\u00fchrung des Projekts zur <strong>Pflasterung der Gehwege, Verbesserung der Zug\u00e4nglichkeit und Renovierung, Erweiterung und Installation von Grundversorgungseinrichtungen in der Stra\u00dfe Andaluc\u00eda<\/strong> unterzeichnet.<\/p>\n<p>Diese Ma\u00dfnahme umfasst die <strong>vollst\u00e4ndige Erneuerung der B\u00fcrgersteige und Fu\u00dfg\u00e4ngerwege<\/strong> mit dem Ziel, <strong>mehr Sicherheit und Komfort f\u00fcr Fu\u00dfg\u00e4nger zu gew\u00e4hrleisten<\/strong>, architektonische Barrieren zu beseitigen und das st\u00e4dtische Umfeld f\u00fcr alle zu optimieren. Das Projekt ist Teil des Engagements der Stadtverwaltung f\u00fcr eine besser zug\u00e4ngliche, freundlichere und menschenfreundlichere Stadt. <\/p>\n<p>Bei der Unterzeichnung des ersten Spatenstichs betonte der <strong>B\u00fcrgermeister von Puerto del Rosario, David de Vera<\/strong>, dass <em>&#8222;diese Art von Ma\u00dfnahme nicht nur die Infrastruktur unserer Stadt verbessert, sondern auch unser festes Engagement f\u00fcr den Aufbau einer modernen, zug\u00e4nglichen und sicheren Hauptstadt f\u00fcr alle unsere Nachbarn widerspiegelt&#8220;.<\/em><\/p>\n<p>Die <strong>Stadtbaur\u00e4tin Ana Hern\u00e1ndez<\/strong> wertete die Arbeiten als <em>&#8222;einen weiteren Schritt im Rahmen des Stadterneuerungsplans, den wir entwickelt haben und bei dem die Anpassung der \u00f6ffentlichen R\u00e4ume und die Verbesserung der Lebensqualit\u00e4t in unseren Vierteln im Vordergrund stehen&#8220;.<\/em><\/p>\n<p>Auch der <strong>Stadtrat f\u00fcr Zug\u00e4nglichkeit und Mobilit\u00e4t, To\u00f1i Fern\u00e1ndez<\/strong>, betonte, dass <em>&#8222;das Handeln im \u00f6ffentlichen Raum mit universellen Zug\u00e4nglichkeitskriterien nicht nur eine gesetzliche Verpflichtung, sondern eine ethische Pflicht ist. Diese Arbeiten erm\u00f6glichen es jedem, unabh\u00e4ngig von seiner Mobilit\u00e4t, sich sicher und unabh\u00e4ngig in der Calle Andaluc\u00eda zu bewegen&#8220;.<\/em><\/p>\n<p>Der Stadtrat wird sich weiterhin daf\u00fcr einsetzen, dass Aktionen wie diese nach und nach alle Stadtteile erreichen und so die Vision einer integrativen und von Zusammenhalt gepr\u00e4gten Stadt st\u00e4rken.<\/p>\n<\/p>\n<\/div>\n","protected":false},"excerpt":{"rendered":"<p>Am Freitagmorgen, dem 4. April, hat das Rathaus von Puerto del Rosario den Akt des Beginns der Arbeiten f\u00fcr die Durchf\u00fchrung des Projekts zur Pflasterung der Gehwege, Verbesserung der Zug\u00e4nglichkeit [&hellip;]<\/p>\n","protected":false},"author":1,"featured_media":552,"comment_status":"open","ping_status":"open","sticky":false,"template":"","format":"standard","meta":{"inline_featured_image":false,"jnews-multi-image_gallery":[],"jnews_single_post":[],"jnews_primary_category":[],"jnews_social_meta":[],"jnews_override_counter":[],"jnews_post_split":[],"footnotes":""},"categories":[293],"tags":[196,213,197,218],"class_list":["post-999","post","type-post","status-publish","format-standard","has-post-thumbnail","hentry","category-puerto-del-rosario-de","tag-gemeinden","tag-integration-de","tag-offentliche-dienste","tag-verordnungen"],"jetpack_featured_media_url":"https:\/\/informacionlocal.es\/wp-content\/uploads\/2025\/04\/calle-andalucia-titu2-mejoras.jpg","_links":{"self":[{"href":"https:\/\/informacionlocal.es\/de\/wp-json\/wp\/v2\/posts\/999","targetHints":{"allow":["GET"]}}],"collection":[{"href":"https:\/\/informacionlocal.es\/de\/wp-json\/wp\/v2\/posts"}],"about":[{"href":"https:\/\/informacionlocal.es\/de\/wp-json\/wp\/v2\/types\/post"}],"author":[{"embeddable":true,"href":"https:\/\/informacionlocal.es\/de\/wp-json\/wp\/v2\/users\/1"}],"replies":[{"embeddable":true,"href":"https:\/\/informacionlocal.es\/de\/wp-json\/wp\/v2\/comments?post=999"}],"version-history":[{"count":1,"href":"https:\/\/informacionlocal.es\/de\/wp-json\/wp\/v2\/posts\/999\/revisions"}],"predecessor-version":[{"id":1728,"href":"https:\/\/informacionlocal.es\/de\/wp-json\/wp\/v2\/posts\/999\/revisions\/1728"}],"wp:featuredmedia":[{"embeddable":true,"href":"https:\/\/informacionlocal.es\/de\/wp-json\/wp\/v2\/media\/552"}],"wp:attachment":[{"href":"https:\/\/informacionlocal.es\/de\/wp-json\/wp\/v2\/media?parent=999"}],"wp:term":[{"taxonomy":"category","embeddable":true,"href":"https:\/\/informacionlocal.es\/de\/wp-json\/wp\/v2\/categories?post=999"},{"taxonomy":"post_tag","embeddable":true,"href":"https:\/\/informacionlocal.es\/de\/wp-json\/wp\/v2\/tags?post=999"}],"curies":[{"name":"wp","href":"https:\/\/api.w.org\/{rel}","templated":true}]}}