{"id":9986,"date":"2025-08-29T17:00:06","date_gmt":"2025-08-29T16:00:06","guid":{"rendered":"https:\/\/informacionlocal.es\/regresa-el-festival-arena-negra-a-la-playa-de-gran-tarajal\/"},"modified":"2025-08-29T17:00:06","modified_gmt":"2025-08-29T16:00:06","slug":"regresa-el-festival-arena-negra-a-la-playa-de-gran-tarajal","status":"publish","type":"post","link":"https:\/\/informacionlocal.es\/de\/regresa-el-festival-arena-negra-a-la-playa-de-gran-tarajal\/","title":{"rendered":"Regresa el Festival Arena Negra a la playa de Gran Tarajal"},"content":{"rendered":"<div class=\"entry-content\"><strong>29 agosto, 2025<\/strong><\/p>\n<p><strong><em>El festival se celebrar\u00e1 los d\u00edas 7 y 8 de noviembre<\/em><\/strong><\/p>\n<p>El Festival Arena Negra vuelve a su ya emblem\u00e1tico escenario: la<br \/>\nplaya de Gran Tarajal, en el municipio de Tuineje. Durante los d\u00edas 7 y 8 de<br \/>\nnoviembre, el festival contar\u00e1 con una variedad de reconocidos artistas para<br \/>\ntodos los p\u00fablicos y gustos musicales.<\/p>\n<p>El Arena Negra se ha consolidado como un referente en el calendario<br \/>\ncultural de Canarias, atrayendo tanto a residentes como a visitantes a nivel<br \/>\nnacional e internacional.<\/p>\n<p>El Cabildo de Fuerteventura est\u00e1 trabajando en la elaboraci\u00f3n del<br \/>\ncartel oficial del Festival Arena Negra 2025, que ser\u00e1 publicado pr\u00f3ximamente.<\/p>\n<p>El Festival Arena Negra 2025 es organizado y promovido por el<br \/>\nCabildo de Fuerteventura, que apuesta por consolidar este evento como un motor<br \/>\ncultural y econ\u00f3mico para la isla. El festival cuenta, adem\u00e1s, con la<br \/>\ncolaboraci\u00f3n del Gobierno de Canarias y del Ayuntamiento de Tuineje.<\/p>\n<\/div>\n","protected":false},"excerpt":{"rendered":"<p>29 agosto, 2025 El festival se celebrar\u00e1 los d\u00edas 7 y 8 de noviembre El Festival Arena Negra vuelve a su ya emblem\u00e1tico escenario: la playa de Gran Tarajal, en [&hellip;]<\/p>\n","protected":false},"author":1,"featured_media":9988,"comment_status":"open","ping_status":"open","sticky":false,"template":"","format":"standard","meta":{"inline_featured_image":false,"jnews-multi-image_gallery":[],"jnews_single_post":[],"jnews_primary_category":[],"jnews_social_meta":[],"jnews_override_counter":[],"jnews_post_split":[],"footnotes":""},"categories":[58],"tags":[82],"class_list":["post-9986","post","type-post","status-publish","format-standard","has-post-thumbnail","hentry","category-cabildo","tag-fuerteventura"],"jetpack_featured_media_url":"https:\/\/informacionlocal.es\/wp-content\/uploads\/2025\/08\/anuncio-arena-negra-fechas.jpg","_links":{"self":[{"href":"https:\/\/informacionlocal.es\/de\/wp-json\/wp\/v2\/posts\/9986","targetHints":{"allow":["GET"]}}],"collection":[{"href":"https:\/\/informacionlocal.es\/de\/wp-json\/wp\/v2\/posts"}],"about":[{"href":"https:\/\/informacionlocal.es\/de\/wp-json\/wp\/v2\/types\/post"}],"author":[{"embeddable":true,"href":"https:\/\/informacionlocal.es\/de\/wp-json\/wp\/v2\/users\/1"}],"replies":[{"embeddable":true,"href":"https:\/\/informacionlocal.es\/de\/wp-json\/wp\/v2\/comments?post=9986"}],"version-history":[{"count":0,"href":"https:\/\/informacionlocal.es\/de\/wp-json\/wp\/v2\/posts\/9986\/revisions"}],"wp:featuredmedia":[{"embeddable":true,"href":"https:\/\/informacionlocal.es\/de\/wp-json\/wp\/v2\/media\/9988"}],"wp:attachment":[{"href":"https:\/\/informacionlocal.es\/de\/wp-json\/wp\/v2\/media?parent=9986"}],"wp:term":[{"taxonomy":"category","embeddable":true,"href":"https:\/\/informacionlocal.es\/de\/wp-json\/wp\/v2\/categories?post=9986"},{"taxonomy":"post_tag","embeddable":true,"href":"https:\/\/informacionlocal.es\/de\/wp-json\/wp\/v2\/tags?post=9986"}],"curies":[{"name":"wp","href":"https:\/\/api.w.org\/{rel}","templated":true}]}}