{"id":9972,"date":"2025-08-29T15:59:36","date_gmt":"2025-08-29T14:59:36","guid":{"rendered":"https:\/\/informacionlocal.es\/bregando-por-puerto-arranca-el-nuevo-curso-con-actividades-en-los-pueblos-y-barrios-del-municipio\/"},"modified":"2025-08-29T15:59:36","modified_gmt":"2025-08-29T14:59:36","slug":"bregando-por-puerto-arranca-el-nuevo-curso-con-actividades-en-los-pueblos-y-barrios-del-municipio","status":"publish","type":"post","link":"https:\/\/informacionlocal.es\/de\/bregando-por-puerto-arranca-el-nuevo-curso-con-actividades-en-los-pueblos-y-barrios-del-municipio\/","title":{"rendered":"\u201cBregando por Puerto\u201d arranca el nuevo curso con actividades en los pueblos y barrios del municipio"},"content":{"rendered":"<div class=\"entry-content\">\n<ul>\n<li><span><strong>El proyecto del Ayuntamiento de Puerto del Rosario ofrece talleres, caminatas y actividades deportivas para todas las edades entre septiembre y noviembre.<\/strong><strong>\u00a0<\/strong><\/span><\/li>\n<\/ul>\n<p><span><strong>En Puerto del Rosario, a 29 de agosto de 2025.-<\/strong> El Ayuntamiento de Puerto del Rosario pone en marcha una nueva programaci\u00f3n de actividades dentro del proyecto \u201cBregando por Puerto\u201d, que se desarrollar\u00e1 durante los pr\u00f3ximos meses en diferentes espacios culturales y deportivos del municipio.<\/span><\/p>\n<p><span>Tras el \u00e9xito obtenido en la edici\u00f3n anterior, la iniciativa regresa con m\u00e1s fuerza y con una oferta variada de propuestas pensadas para fomentar la convivencia, la participaci\u00f3n social y el bienestar de los vecinos y vecinas de todas las edades.<\/span><\/p>\n<p><span>Entre las actividades destacan los talleres \u201cDesaf\u00eda tu mente, comparte un momento\u201d, que se desarrollar\u00e1n en los centros culturales de La Charca, Los Estancos, Playa Blanca y El Matorral. Estos encuentros, que combinan juegos de mesa, din\u00e1micas participativas y actividades de estimulaci\u00f3n cognitiva, tendr\u00e1n lugar entre septiembre y noviembre de 2025 en horarios de ma\u00f1ana y tarde, adaptados a cada localidad.<\/span><\/p>\n<p><span><img loading=\"lazy\" decoding=\"async\" loading=\"lazy\" class=\"size-large wp-image-156858 aligncenter\" src=\"https:\/\/informacionlocal.es\/wp-content\/uploads\/2025\/08\/bregando-por-puerto-actividades-731x1024-1.jpeg\" width=\"731\" height=\"1024\" title=\"bregando-por-puerto-actividades-731x1024-1\"><\/span><\/p>\n<p><span>Adem\u00e1s, la programaci\u00f3n semanal incluye sesiones de mantenimiento f\u00edsico, caminatas, defensa personal y actividades deportivas para distintas edades, desde la infancia hasta mayores de 55 a\u00f1os. Los centros culturales y canchas deportivas del municipio ser\u00e1n el epicentro de este calendario de dinamizaci\u00f3n.<\/span><\/p>\n<p><span>El alcalde de Puerto del Rosario, David de Vera, subray\u00f3 la importancia de este proyecto, \u201ccon \u2018Bregando por Puerto\u2019 seguimos apostando por acercar la actividad social y cultural a cada pueblo y a cada barrio. No se trata solo de hacer ejercicio o compartir un juego, sino de reforzar los lazos comunitarios, de generar espacios donde nuestros vecinos y vecinas puedan encontrarse, cuidarse y disfrutar en compa\u00f1\u00eda\u201d.<\/span><\/p>\n<p><span><img loading=\"lazy\" decoding=\"async\" loading=\"lazy\" class=\"size-large wp-image-156859 aligncenter\" src=\"https:\/\/informacionlocal.es\/wp-content\/uploads\/2025\/08\/bregando-por-puerto-724x1024-1.jpeg\" width=\"724\" height=\"1024\" title=\"bregando-por-puerto-724x1024-1\"><\/span><\/p>\n<p><span>Por su parte, la concejala de Desarrollo Local, \u00c9rica Gonz\u00e1lez, destac\u00f3 la continuidad del programa tras la gran acogida del curso anterior. \u201cEl inicio de curso es un momento clave para retomar rutinas y h\u00e1bitos saludables. Desde la Concejal\u00eda de Desarrollo Local ponemos en marcha estas actividades porque creemos en la cercan\u00eda y en el valor de dinamizar nuestros barrios. Queremos que cada persona, independientemente de su edad, encuentre un espacio donde participar y sentirse parte activa de Puerto del Rosario\u201d.<\/span><\/p>\n<p><span>Las inscripciones para las actividades de dinamizaci\u00f3n est\u00e1n abiertas y pueden realizarse a trav\u00e9s del correo electr\u00f3nico bregandoporpuertodinamizacion@gmail.com o en el tel\u00e9fono 928 85 00 04.<\/span><\/p>\n<p><span>De igual modo, para las actividades deportivas se ha habilitado el correo bregandoporpuertodeportivo@gmail.com y el mismo n\u00famero de contacto.<\/span><\/p>\n<\/div>\n","protected":false},"excerpt":{"rendered":"<p>El proyecto del Ayuntamiento de Puerto del Rosario ofrece talleres, caminatas y actividades deportivas para todas las edades entre septiembre y noviembre.\u00a0 En Puerto del Rosario, a 29 de agosto [&hellip;]<\/p>\n","protected":false},"author":1,"featured_media":9974,"comment_status":"open","ping_status":"open","sticky":false,"template":"","format":"standard","meta":{"inline_featured_image":false,"jnews-multi-image_gallery":[],"jnews_single_post":[],"jnews_primary_category":[],"jnews_social_meta":[],"jnews_override_counter":[],"jnews_post_split":[],"footnotes":""},"categories":[61],"tags":[],"class_list":["post-9972","post","type-post","status-publish","format-standard","has-post-thumbnail","hentry","category-puerto-del-rosario"],"jetpack_featured_media_url":"https:\/\/informacionlocal.es\/wp-content\/uploads\/2025\/08\/bregando-por-puerto-portada.png","_links":{"self":[{"href":"https:\/\/informacionlocal.es\/de\/wp-json\/wp\/v2\/posts\/9972","targetHints":{"allow":["GET"]}}],"collection":[{"href":"https:\/\/informacionlocal.es\/de\/wp-json\/wp\/v2\/posts"}],"about":[{"href":"https:\/\/informacionlocal.es\/de\/wp-json\/wp\/v2\/types\/post"}],"author":[{"embeddable":true,"href":"https:\/\/informacionlocal.es\/de\/wp-json\/wp\/v2\/users\/1"}],"replies":[{"embeddable":true,"href":"https:\/\/informacionlocal.es\/de\/wp-json\/wp\/v2\/comments?post=9972"}],"version-history":[{"count":0,"href":"https:\/\/informacionlocal.es\/de\/wp-json\/wp\/v2\/posts\/9972\/revisions"}],"wp:featuredmedia":[{"embeddable":true,"href":"https:\/\/informacionlocal.es\/de\/wp-json\/wp\/v2\/media\/9974"}],"wp:attachment":[{"href":"https:\/\/informacionlocal.es\/de\/wp-json\/wp\/v2\/media?parent=9972"}],"wp:term":[{"taxonomy":"category","embeddable":true,"href":"https:\/\/informacionlocal.es\/de\/wp-json\/wp\/v2\/categories?post=9972"},{"taxonomy":"post_tag","embeddable":true,"href":"https:\/\/informacionlocal.es\/de\/wp-json\/wp\/v2\/tags?post=9972"}],"curies":[{"name":"wp","href":"https:\/\/api.w.org\/{rel}","templated":true}]}}