{"id":9934,"date":"2025-08-29T13:00:38","date_gmt":"2025-08-29T12:00:38","guid":{"rendered":"https:\/\/informacionlocal.es\/puerto-del-rosario-se-prepara-para-una-semana-de-cultura-y-arte-con-la-semana-a-contracultura\/"},"modified":"2025-08-29T13:00:38","modified_gmt":"2025-08-29T12:00:38","slug":"puerto-del-rosario-se-prepara-para-una-semana-de-cultura-y-arte-con-la-semana-a-contracultura","status":"publish","type":"post","link":"https:\/\/informacionlocal.es\/de\/puerto-del-rosario-se-prepara-para-una-semana-de-cultura-y-arte-con-la-semana-a-contracultura\/","title":{"rendered":"Puerto del Rosario se prepara para una semana de cultura y arte con la semana \u2018A contracultura\u2019"},"content":{"rendered":"<div class=\"entry-content\">\n<ul>\n<li><strong>Exposiciones, poes\u00eda, literatura, memoria hist\u00f3rica, teatro y m\u00fasica en directo llenar\u00e1n la agenda cultural del 1 al 5 de septiembre.<\/strong><strong>\u00a0<\/strong><\/li>\n<\/ul>\n<p><strong>En Puerto del Rosario, a 29 de agosto de 2025.-<\/strong> El Ayuntamiento de Puerto del Rosario presenta la programaci\u00f3n de la semana \u2018A contracultura\u2019, que convertir\u00e1 a la capital majorera en epicentro de la cultura, la reflexi\u00f3n y el entretenimiento con actividades para todos los p\u00fablicos desde el 1 al 5 de septiembre.<\/p>\n<p>La cita arranca el lunes 1 de septiembre con la inauguraci\u00f3n de una doble exposici\u00f3n de arte. Por un lado, la muestra con tem\u00e1tica a contracultural, en la que participan varios artistas canarios. Y, de forma simult\u00e1nea, la exposici\u00f3n del artista William Rocchi, \u2018Dedicado a Entre Realismo y Simbolismo\u2019, que podr\u00e1 visitarse hasta el 30 de septiembre en la Casa de la Cultura.<\/p>\n<p><img loading=\"lazy\" decoding=\"async\" loading=\"lazy\" class=\"size-large wp-image-156862 aligncenter\" src=\"https:\/\/informacionlocal.es\/wp-content\/uploads\/2025\/08\/a-contracultura-1-sept-576x1024-1.jpeg\" width=\"576\" height=\"1024\" title=\"a-contracultura-1-sept-576x1024-1\"><\/p>\n<p><img loading=\"lazy\" decoding=\"async\" loading=\"lazy\" class=\"size-large wp-image-156863 aligncenter\" src=\"https:\/\/informacionlocal.es\/wp-content\/uploads\/2025\/08\/whatsapp-image-2025-08-28-at-13-19-02-724x1024-1.jpeg\" width=\"724\" height=\"1024\" title=\"whatsapp-image-2025-08-28-at-13-19-02-724x1024-1\"><\/p>\n<p>El martes 2 de septiembre, la poes\u00eda ser\u00e1 protagonista con la d\u00e9cima edici\u00f3n de Puerto es Poes\u00eda, a cargo de la Premio Canarias de Literatura, Cecilia Dom\u00ednguez Luis, y el escritor palmero Ricardo Hern\u00e1ndez Bravo, acompa\u00f1ados al saxo por Sergio Garc\u00eda.<\/p>\n<p><img loading=\"lazy\" decoding=\"async\" loading=\"lazy\" class=\"size-large wp-image-156866 aligncenter\" src=\"https:\/\/informacionlocal.es\/wp-content\/uploads\/2025\/08\/a-contracultura-2-sept-576x1024-1.jpeg\" width=\"576\" height=\"1024\" title=\"a-contracultura-2-sept-576x1024-1\"><\/p>\n<p>\u00a0<\/p>\n<p>El mi\u00e9rcoles 3 de septiembre llegar\u00e1 a la Casa de la Cultura la presentaci\u00f3n del libro \u2018Franco\u2019, del historiador Juli\u00e1n Casanova, una biograf\u00eda rigurosa y reveladora sobre el dictador en el 50 aniversario de su fallecimiento.<\/p>\n<p><img loading=\"lazy\" decoding=\"async\" loading=\"lazy\" class=\"size-large wp-image-156864 aligncenter\" src=\"https:\/\/informacionlocal.es\/wp-content\/uploads\/2025\/08\/a-contracultura-3-sept-576x1024-1.jpeg\" width=\"576\" height=\"1024\" title=\"a-contracultura-3-sept-576x1024-1\"><\/p>\n<p>El jueves 4 de septiembre ser\u00e1 una jornada doble. Por la tarde, el reportero gr\u00e1fico de TVE Manuel Ovalle compartir\u00e1 su biograf\u00eda \u2018Ovalle, reportero gr\u00e1fico\u2019, en la que narra sus experiencias profesionales en 135 pa\u00edses y 15 conflictos b\u00e9licos, adem\u00e1s de su testimonio como testigo directo del sepelio de Francisco Franco. Esa misma noche, la Plaza de la Paz acoger\u00e1 la representaci\u00f3n de la obra \u2018Es mi hombre\u2019, de la compa\u00f1\u00eda Livianas Provincianas, un cabaret reivindicativo que revive los cupl\u00e9s cl\u00e1sicos con humor, m\u00fasica en directo e improvisaci\u00f3n.<\/p>\n<p><img loading=\"lazy\" decoding=\"async\" loading=\"lazy\" class=\"size-large wp-image-156867 aligncenter\" src=\"https:\/\/informacionlocal.es\/wp-content\/uploads\/2025\/08\/a-contracultura-4-sept-576x1024-1.jpeg\" width=\"576\" height=\"1024\" title=\"a-contracultura-4-sept-576x1024-1\"><\/p>\n<p>El broche final llegar\u00e1 el viernes 5 de septiembre con el gran concierto del Festival A contracultura en la Plaza de la Paz, a partir de las 19.00 horas, con las actuaciones de Jimenos Band, Xente y la Banda, Ochenteros, Supawayah y Tributo U2.<\/p>\n<p>\u00a0<\/p>\n<p>El alcalde de Puerto del Rosario, David de Vera, subray\u00f3 que \u201cesta semana es un ejemplo de c\u00f3mo entendemos la cultura: diversa, abierta y capaz de emocionar, pero tambi\u00e9n de hacernos pensar. Puerto del Rosario se convierte en un escenario vivo donde se mezclan las artes, la memoria y la m\u00fasica\u201d.<\/p>\n<p>Por su parte, el concejal de Cultura, Juan Manuel Verdugo, destac\u00f3 que \u201cA contracultura es ya un referente cultural en la isla y esta programaci\u00f3n refleja nuestro compromiso con una oferta de calidad, variada y cercana. Invitamos a toda la ciudadan\u00eda a sumarse y disfrutar de cada una de las propuestas\u201d.<\/p>\n<\/div>\n","protected":false},"excerpt":{"rendered":"<p>Exposiciones, poes\u00eda, literatura, memoria hist\u00f3rica, teatro y m\u00fasica en directo llenar\u00e1n la agenda cultural del 1 al 5 de septiembre.\u00a0 En Puerto del Rosario, a 29 de agosto de 2025.- [&hellip;]<\/p>\n","protected":false},"author":1,"featured_media":9936,"comment_status":"open","ping_status":"open","sticky":false,"template":"","format":"standard","meta":{"inline_featured_image":false,"jnews-multi-image_gallery":[],"jnews_single_post":[],"jnews_primary_category":[],"jnews_social_meta":[],"jnews_override_counter":[],"jnews_post_split":[],"footnotes":""},"categories":[61],"tags":[],"class_list":["post-9934","post","type-post","status-publish","format-standard","has-post-thumbnail","hentry","category-puerto-del-rosario"],"jetpack_featured_media_url":"https:\/\/informacionlocal.es\/wp-content\/uploads\/2025\/08\/a-contracultura.png","_links":{"self":[{"href":"https:\/\/informacionlocal.es\/de\/wp-json\/wp\/v2\/posts\/9934","targetHints":{"allow":["GET"]}}],"collection":[{"href":"https:\/\/informacionlocal.es\/de\/wp-json\/wp\/v2\/posts"}],"about":[{"href":"https:\/\/informacionlocal.es\/de\/wp-json\/wp\/v2\/types\/post"}],"author":[{"embeddable":true,"href":"https:\/\/informacionlocal.es\/de\/wp-json\/wp\/v2\/users\/1"}],"replies":[{"embeddable":true,"href":"https:\/\/informacionlocal.es\/de\/wp-json\/wp\/v2\/comments?post=9934"}],"version-history":[{"count":0,"href":"https:\/\/informacionlocal.es\/de\/wp-json\/wp\/v2\/posts\/9934\/revisions"}],"wp:featuredmedia":[{"embeddable":true,"href":"https:\/\/informacionlocal.es\/de\/wp-json\/wp\/v2\/media\/9936"}],"wp:attachment":[{"href":"https:\/\/informacionlocal.es\/de\/wp-json\/wp\/v2\/media?parent=9934"}],"wp:term":[{"taxonomy":"category","embeddable":true,"href":"https:\/\/informacionlocal.es\/de\/wp-json\/wp\/v2\/categories?post=9934"},{"taxonomy":"post_tag","embeddable":true,"href":"https:\/\/informacionlocal.es\/de\/wp-json\/wp\/v2\/tags?post=9934"}],"curies":[{"name":"wp","href":"https:\/\/api.w.org\/{rel}","templated":true}]}}