{"id":9890,"date":"2025-08-28T15:59:09","date_gmt":"2025-08-28T14:59:09","guid":{"rendered":"https:\/\/informacionlocal.es\/el-grupo-de-recreacion-deportiva-meracas-sera-el-pregonero-de-las-fiestas-del-rosario-2025\/"},"modified":"2025-08-28T15:59:09","modified_gmt":"2025-08-28T14:59:09","slug":"el-grupo-de-recreacion-deportiva-meracas-sera-el-pregonero-de-las-fiestas-del-rosario-2025","status":"publish","type":"post","link":"https:\/\/informacionlocal.es\/de\/el-grupo-de-recreacion-deportiva-meracas-sera-el-pregonero-de-las-fiestas-del-rosario-2025\/","title":{"rendered":"El Grupo de Recreaci\u00f3n Deportiva MERACAS ser\u00e1 el pregonero de las Fiestas del Rosario 2025"},"content":{"rendered":"<div class=\"entry-content\">\n<ul>\n<li><strong>El colectivo, organizador del Memorial Ram\u00f3n Casta\u00f1eyra G\u00f3ngora \u2013 24 Horas de Baloncesto, ser\u00e1 el encargado de dar el pistoletazo de salida a las fiestas patronales<\/strong><strong>\u00a0<\/strong><\/li>\n<\/ul>\n<p><strong>En Puerto del Rosario, a 28 de agosto de 2025.-<\/strong> En Puerto del Rosario, a 28 de agosto de 2025.- El Ayuntamiento de Puerto del Rosario present\u00f3 este jueves, en el Pabell\u00f3n Oasis, a los pregoneros de las Fiestas en Honor a Nuestra Se\u00f1ora del Rosario 2025: el Grupo de Recreaci\u00f3n Deportiva MERACAS, colectivo organizador del Memorial Ram\u00f3n Casta\u00f1eyra G\u00f3ngora \u2013 24 Horas de Baloncesto, un evento que forma parte de la historia y la identidad de la capital majorera desde hace m\u00e1s de cuatro d\u00e9cadas.<\/p>\n<p>En representaci\u00f3n de MERACAS estuvieron presentes miembros de la actual directiva, Janey Casta\u00f1eyra, Airam Meli\u00e1n e Iria Clavijo. Por parte del Ayuntamiento capitalino participaron el alcalde, David de Vera, la concejala de Festejos, Tacoremi Guti\u00e9rrez, y el concejal de Deportes, Luis Chac\u00f3n.<\/p>\n<p>El alcalde de Puerto del Rosario, David de Vera, agradeci\u00f3 al Grupo de Recreaci\u00f3n Deportiva MERACAS \u201chaber aceptado el reto de pregonar las Fiestas del Rosario 2025. Estamos hablando de un colectivo con m\u00e1s de 40 a\u00f1os de trayectoria, que no solo ha mantenido vivo el Memorial Ram\u00f3n Casta\u00f1eyra y las 24 Horas de Baloncesto, sino que tambi\u00e9n se ha convertido en parte esencial de nuestras fiestas, transmitiendo valores de esfuerzo, convivencia y compa\u00f1erismo\u201d.<\/p>\n<p><img loading=\"lazy\" decoding=\"async\" loading=\"lazy\" class=\"size-large wp-image-156853 aligncenter\" src=\"https:\/\/informacionlocal.es\/wp-content\/uploads\/2025\/08\/2u0a9601-1024x683-1.jpg\" width=\"1024\" height=\"683\" title=\"2u0a9601-1024x683-1\"><\/p>\n<p>Por su parte, la concejala de Festejos, Tacoremi Guti\u00e9rrez, destac\u00f3 que \u201cMERACAS ha sabido inculcar en la juventud el gusto por el deporte y la actividad f\u00edsica en un ambiente festivo y saludable. Invitamos a toda la ciudadan\u00eda a acompa\u00f1arnos el pr\u00f3ximo 21 de septiembre en la Plaza de Nuestra Se\u00f1ora del Rosario, en un preg\u00f3n que promete ser cercano, emotivo y cargado de recuerdos sobre la historia de nuestro municipio\u201d.<\/p>\n<p>En nombre de la directiva de MERACAS, Janey Casta\u00f1eyra expres\u00f3 que \u201cpara nosotros es un honor pregonar las Fiestas del Rosario. Las 24 Horas de Baloncesto nacieron como un homenaje a Ram\u00f3n Casta\u00f1eyra y, con el paso de los a\u00f1os, se han convertido en una gran fiesta del deporte y la convivencia. Con este preg\u00f3n queremos transmitir a todo Puerto del Rosario ese mismo esp\u00edritu de encuentro y participaci\u00f3n\u201d.<\/p>\n<p><img loading=\"lazy\" decoding=\"async\" loading=\"lazy\" class=\"size-large wp-image-156854 aligncenter\" src=\"https:\/\/informacionlocal.es\/wp-content\/uploads\/2025\/08\/2u0a9573-1024x683-1.jpg\" width=\"1024\" height=\"683\" title=\"2u0a9573-1024x683-1\"><\/p>\n<p>Por \u00faltimo, el concejal de Deportes, Luis Chac\u00f3n, agradeci\u00f3 el trabajo hecho por el Grupo MERACAS con las 24 horas de baloncesto a lo largo de los a\u00f1os, \u201cun evento que ya forma parte de nuestra memoria colectiva y al que animamos a todos a sumarse, bien desde la cancha o desde las gradas\u201d.<\/p>\n<p>\u00a0<\/p>\n<p>La elecci\u00f3n de MERACAS como pregoneros de las Fiestas del Rosario 2025 pone en valor el esfuerzo de un colectivo que, desde 1983, ha sabido unir deporte, memoria y comunidad en un evento que trasciende las canchas y se ha consolidado como una cita imprescindible en el calendario festivo de la capital majorera.<\/p>\n<p>\u00a0<\/p>\n<p>El preg\u00f3n tendr\u00e1 lugar el domingo 21 de septiembre en la Plaza de Nuestra Se\u00f1ora del Rosario y culminar\u00e1 con la actuaci\u00f3n del grupo Chocolate Sexy, que pondr\u00e1 el broche musical a la noche.<\/p>\n<p>\u00a0<\/p>\n<\/div>\n","protected":false},"excerpt":{"rendered":"<p>El colectivo, organizador del Memorial Ram\u00f3n Casta\u00f1eyra G\u00f3ngora \u2013 24 Horas de Baloncesto, ser\u00e1 el encargado de dar el pistoletazo de salida a las fiestas patronales\u00a0 En Puerto del Rosario, [&hellip;]<\/p>\n","protected":false},"author":1,"featured_media":9892,"comment_status":"open","ping_status":"open","sticky":false,"template":"","format":"standard","meta":{"inline_featured_image":false,"jnews-multi-image_gallery":[],"jnews_single_post":[],"jnews_primary_category":[],"jnews_social_meta":[],"jnews_override_counter":[],"jnews_post_split":[],"footnotes":""},"categories":[61],"tags":[310],"class_list":["post-9890","post","type-post","status-publish","format-standard","has-post-thumbnail","hentry","category-puerto-del-rosario","tag-deportes"],"jetpack_featured_media_url":"https:\/\/informacionlocal.es\/wp-content\/uploads\/2025\/08\/presentacion-pregoneros-2025.png","_links":{"self":[{"href":"https:\/\/informacionlocal.es\/de\/wp-json\/wp\/v2\/posts\/9890","targetHints":{"allow":["GET"]}}],"collection":[{"href":"https:\/\/informacionlocal.es\/de\/wp-json\/wp\/v2\/posts"}],"about":[{"href":"https:\/\/informacionlocal.es\/de\/wp-json\/wp\/v2\/types\/post"}],"author":[{"embeddable":true,"href":"https:\/\/informacionlocal.es\/de\/wp-json\/wp\/v2\/users\/1"}],"replies":[{"embeddable":true,"href":"https:\/\/informacionlocal.es\/de\/wp-json\/wp\/v2\/comments?post=9890"}],"version-history":[{"count":0,"href":"https:\/\/informacionlocal.es\/de\/wp-json\/wp\/v2\/posts\/9890\/revisions"}],"wp:featuredmedia":[{"embeddable":true,"href":"https:\/\/informacionlocal.es\/de\/wp-json\/wp\/v2\/media\/9892"}],"wp:attachment":[{"href":"https:\/\/informacionlocal.es\/de\/wp-json\/wp\/v2\/media?parent=9890"}],"wp:term":[{"taxonomy":"category","embeddable":true,"href":"https:\/\/informacionlocal.es\/de\/wp-json\/wp\/v2\/categories?post=9890"},{"taxonomy":"post_tag","embeddable":true,"href":"https:\/\/informacionlocal.es\/de\/wp-json\/wp\/v2\/tags?post=9890"}],"curies":[{"name":"wp","href":"https:\/\/api.w.org\/{rel}","templated":true}]}}