{"id":9876,"date":"2025-08-28T10:59:54","date_gmt":"2025-08-28T09:59:54","guid":{"rendered":"https:\/\/informacionlocal.es\/finalizan-las-obras-del-aseo-adaptado-en-el-museo-de-la-molina-en-la-charca\/"},"modified":"2025-08-28T10:59:54","modified_gmt":"2025-08-28T09:59:54","slug":"finalizan-las-obras-del-aseo-adaptado-en-el-museo-de-la-molina-en-la-charca","status":"publish","type":"post","link":"https:\/\/informacionlocal.es\/de\/finalizan-las-obras-del-aseo-adaptado-en-el-museo-de-la-molina-en-la-charca\/","title":{"rendered":"Finalizan las obras del aseo adaptado en el Museo de La Molina en La Charca"},"content":{"rendered":"<div class=\"entry-content\">\n<ul>\n<li><span><strong>El proyecto, financiado con 33.427,23 euros por la Consejer\u00eda de Turismo y Empleo del Gobierno de Canarias, mejora la accesibilidad y calidad de este espacio patrimonial, cuya reapertura est\u00e1 prevista para finales de septiembre.<\/strong><\/span><strong>\u00a0<\/strong><\/li>\n<\/ul>\n<p><span><strong>En Puerto del Rosario, a 28 de agosto de 2025.-<\/strong> El Ayuntamiento de Puerto del Rosario informa de la finalizaci\u00f3n de las obras de instalaci\u00f3n de un aseo adaptado en el Museo de La Molina, ubicado en el barrio capitalino de La Charca.<\/span><\/p>\n<p><span>Los trabajos, que comenzaron el pasado mes de abril, han sido posibles gracias a una subvenci\u00f3n concedida por la Consejer\u00eda de Turismo y Empleo del Gobierno de Canarias, a trav\u00e9s de la Direcci\u00f3n General de Infraestructura, Sostenibilidad y Calidad Tur\u00edstica, por un importe total de 33.427,23 euros.<img loading=\"lazy\" decoding=\"async\" loading=\"lazy\" class=\"size-large wp-image-156840 aligncenter\" src=\"https:\/\/informacionlocal.es\/wp-content\/uploads\/2025\/08\/molina-de-la-charca-1-1024x768-1.jpeg\" width=\"1024\" height=\"768\" title=\"molina-de-la-charca-1-1024x768-1\"><\/span><\/p>\n<p><span>La recepci\u00f3n de la obra tuvo lugar durante el mes de agosto y el nuevo servicio adaptado es ya una realidad. De este modo, el museo podr\u00e1 reabrirse a finales de septiembre con esta mejora de accesibilidad, que refuerza su valor como recurso cultural y tur\u00edstico para el municipio.<\/span><\/p>\n<p><span>El alcalde de Puerto del Rosario, David de Vera, destac\u00f3 que \u201cactuaciones como esta permiten progresar en la mejora de los espacios p\u00fablicos de inter\u00e9s patrimonial, garantizando su accesibilidad para todas las personas. La Molina de La Charca es parte de nuestra identidad y, con esta obra, damos un paso m\u00e1s para que pueda ser disfrutada en condiciones \u00f3ptimas\u201d.<\/span><\/p>\n<p><img loading=\"lazy\" decoding=\"async\" loading=\"lazy\" class=\"alignnone size-large wp-image-156841\" src=\"https:\/\/informacionlocal.es\/wp-content\/uploads\/2025\/08\/molina-de-la-charca-2-1024x768-1.jpeg\" width=\"1024\" height=\"768\" title=\"molina-de-la-charca-2-1024x768-1\"><\/p>\n<p><span>Por su parte, la concejala de Turismo, Rosa Rodr\u00edguez, se\u00f1al\u00f3 que \u201cla reapertura del Museo de La Molina con un servicio adaptado supone un impulso a la oferta tur\u00edstica y cultural de Puerto del Rosario. Apostamos por un turismo sostenible y accesible, en el que el patrimonio etnogr\u00e1fico ocupa un lugar fundamental\u201d.<\/span><\/p>\n<p>\u00a0<\/p>\n<p>\u00a0<\/p>\n<\/div>\n","protected":false},"excerpt":{"rendered":"<p>El proyecto, financiado con 33.427,23 euros por la Consejer\u00eda de Turismo y Empleo del Gobierno de Canarias, mejora la accesibilidad y calidad de este espacio patrimonial, cuya reapertura est\u00e1 prevista [&hellip;]<\/p>\n","protected":false},"author":1,"featured_media":9878,"comment_status":"open","ping_status":"open","sticky":false,"template":"","format":"standard","meta":{"inline_featured_image":false,"jnews-multi-image_gallery":[],"jnews_single_post":[],"jnews_primary_category":[],"jnews_social_meta":[],"jnews_override_counter":[],"jnews_post_split":[],"footnotes":""},"categories":[61],"tags":[],"class_list":["post-9876","post","type-post","status-publish","format-standard","has-post-thumbnail","hentry","category-puerto-del-rosario"],"jetpack_featured_media_url":"https:\/\/informacionlocal.es\/wp-content\/uploads\/2025\/08\/molina-de-la-charca.png","_links":{"self":[{"href":"https:\/\/informacionlocal.es\/de\/wp-json\/wp\/v2\/posts\/9876","targetHints":{"allow":["GET"]}}],"collection":[{"href":"https:\/\/informacionlocal.es\/de\/wp-json\/wp\/v2\/posts"}],"about":[{"href":"https:\/\/informacionlocal.es\/de\/wp-json\/wp\/v2\/types\/post"}],"author":[{"embeddable":true,"href":"https:\/\/informacionlocal.es\/de\/wp-json\/wp\/v2\/users\/1"}],"replies":[{"embeddable":true,"href":"https:\/\/informacionlocal.es\/de\/wp-json\/wp\/v2\/comments?post=9876"}],"version-history":[{"count":0,"href":"https:\/\/informacionlocal.es\/de\/wp-json\/wp\/v2\/posts\/9876\/revisions"}],"wp:featuredmedia":[{"embeddable":true,"href":"https:\/\/informacionlocal.es\/de\/wp-json\/wp\/v2\/media\/9878"}],"wp:attachment":[{"href":"https:\/\/informacionlocal.es\/de\/wp-json\/wp\/v2\/media?parent=9876"}],"wp:term":[{"taxonomy":"category","embeddable":true,"href":"https:\/\/informacionlocal.es\/de\/wp-json\/wp\/v2\/categories?post=9876"},{"taxonomy":"post_tag","embeddable":true,"href":"https:\/\/informacionlocal.es\/de\/wp-json\/wp\/v2\/tags?post=9876"}],"curies":[{"name":"wp","href":"https:\/\/api.w.org\/{rel}","templated":true}]}}