{"id":9848,"date":"2025-08-27T17:58:26","date_gmt":"2025-08-27T16:58:26","guid":{"rendered":"https:\/\/informacionlocal.es\/el-puertito-de-la-cruz-celebra-las-fiestas-de-el-pulpito-del-5-al-7-de-septiembre\/"},"modified":"2025-08-27T17:58:26","modified_gmt":"2025-08-27T16:58:26","slug":"el-puertito-de-la-cruz-celebra-las-fiestas-de-el-pulpito-del-5-al-7-de-septiembre","status":"publish","type":"post","link":"https:\/\/informacionlocal.es\/de\/el-puertito-de-la-cruz-celebra-las-fiestas-de-el-pulpito-del-5-al-7-de-septiembre\/","title":{"rendered":"El Puertito de La Cruz celebra las fiestas de El Pulpito del 5 al 7 de septiembre\u00a0\u00a0"},"content":{"rendered":"<div class=\"entry-content\">\n<p><b><i>El Ayuntamiento de P\u00e1jara organiza un completo programa de actividades para todas las edades<\/i><\/b><\/p>\n<p><span>El Ayuntamiento de P\u00e1jara, a trav\u00e9s de la Concejal\u00eda de Festejos, organiza las fiestas de El Pulpito, en el Puertito de La Cruz, del 5 al 7 de septiembre, con una programaci\u00f3n cargada de actividades para todas las edades.\u00a0<\/span><\/p>\n<p><span>El concejal de Festejos, Juan Jos\u00e9 Viera, destaca la importancia de seguir manteniendo vivas las festividades del municipio \u201cLas fiestas de El Pulpito tienen un profundo significado para nuestros vecinos y vecinas, y, por eso, hemos trabajado para ofrecer una programaci\u00f3n ideal\u201d, a\u00f1ade.\u00a0<\/span><\/p>\n<p><span>Adem\u00e1s, el concejal anima a la ciudadan\u00eda a acudir a esta festividad que recoge una gran variedad de actividades l\u00fadicas, deportivas y culturales. Asimismo, agradece al personal municipal, y a participantes y entidades que han colaborado para hacer posible estas celebraci\u00f3n.\u00a0<\/span><\/p>\n<p><span>Las fiestas de El Pulpito comenzar\u00e1n el viernes, 5 de septiembre, a las 12:00 horas, con el engalanamiento de las calles y, a partir de las 17:30 horas, se llevar\u00e1n a cabo diversas actividades como la Fiesta Infantil con hinchables y talleres,\u00a0 juegos de mesa y la gran Scala Hifi. El d\u00eda terminar\u00e1 con una Noche de Bandas, a las 22:00 horas, con las actuaciones de Mejor con Copas, Siroko y La banda del Cuco.\u00a0<\/span><\/p>\n<p><span>El s\u00e1bado 6 de septiembre, tendremos la XXVI Carrera Popular entre Faros, a las 18:00 horas, organizada por la Federaci\u00f3n de Atletismo de Fuerteventura y la Concejal\u00eda de Deportes del Ayuntamiento de P\u00e1jara. Seguidamente, a las 19:30 horas, se llevar\u00e1 a cabo un Bingo organizado por EAMJ \u2013 Playas de Jand\u00eda. A las 21:00 horas tendr\u00e1 lugar la actuaci\u00f3n del Mariachi Las Salinas y, a las 22:30 horas, verbena con las actuaciones de Saylen, Orquesta La Banda Nuestra y Nuevo Klan.\u00a0<\/span><\/p>\n<p><span>El domingo 7 de septiembre concluir\u00e1n las fiestas con la verbena a la solajera con Pepe Benavente y Nuevo Klan, a partir de las 12:30 horas, seguida de la\u00a0 fiesta de la espuma. A las 13:00 horas, todos los asistentes podr\u00e1n disfrutar de una\u00a0 degustaci\u00f3n de paella popular.<\/span><\/p>\n<p><img fetchpriority=\"high\" decoding=\"async\" class=\"alignnone size-medium wp-image-20895\" src=\"http:\/\/www.pajara.es\/wp-content\/uploads\/2025\/08\/PULPITO-1-2-212x300.jpg\" alt width=\"212\" height=\"300\"><\/p>\n<\/div>\n","protected":false},"excerpt":{"rendered":"<p><i>El Ayuntamiento de P\u00e1jara organiza un completo programa de actividades para todas las edades<\/i><\/p>\n","protected":false},"author":1,"featured_media":9850,"comment_status":"open","ping_status":"open","sticky":false,"template":"","format":"standard","meta":{"inline_featured_image":false,"jnews-multi-image_gallery":[],"jnews_single_post":[],"jnews_primary_category":[],"jnews_social_meta":[],"jnews_override_counter":[],"jnews_post_split":[],"footnotes":""},"categories":[63],"tags":[82],"class_list":["post-9848","post","type-post","status-publish","format-standard","has-post-thumbnail","hentry","category-pajara","tag-fuerteventura"],"jetpack_featured_media_url":"https:\/\/informacionlocal.es\/wp-content\/uploads\/2025\/08\/pulpito-1-scaled-1.jpg","_links":{"self":[{"href":"https:\/\/informacionlocal.es\/de\/wp-json\/wp\/v2\/posts\/9848","targetHints":{"allow":["GET"]}}],"collection":[{"href":"https:\/\/informacionlocal.es\/de\/wp-json\/wp\/v2\/posts"}],"about":[{"href":"https:\/\/informacionlocal.es\/de\/wp-json\/wp\/v2\/types\/post"}],"author":[{"embeddable":true,"href":"https:\/\/informacionlocal.es\/de\/wp-json\/wp\/v2\/users\/1"}],"replies":[{"embeddable":true,"href":"https:\/\/informacionlocal.es\/de\/wp-json\/wp\/v2\/comments?post=9848"}],"version-history":[{"count":0,"href":"https:\/\/informacionlocal.es\/de\/wp-json\/wp\/v2\/posts\/9848\/revisions"}],"wp:featuredmedia":[{"embeddable":true,"href":"https:\/\/informacionlocal.es\/de\/wp-json\/wp\/v2\/media\/9850"}],"wp:attachment":[{"href":"https:\/\/informacionlocal.es\/de\/wp-json\/wp\/v2\/media?parent=9848"}],"wp:term":[{"taxonomy":"category","embeddable":true,"href":"https:\/\/informacionlocal.es\/de\/wp-json\/wp\/v2\/categories?post=9848"},{"taxonomy":"post_tag","embeddable":true,"href":"https:\/\/informacionlocal.es\/de\/wp-json\/wp\/v2\/tags?post=9848"}],"curies":[{"name":"wp","href":"https:\/\/api.w.org\/{rel}","templated":true}]}}