{"id":981,"date":"2025-04-10T16:25:19","date_gmt":"2025-04-10T16:25:19","guid":{"rendered":"https:\/\/informacionlocal.es\/puerto-del-rosario-und-die-ulpgc-unterzeichnen-eine-rahmenvereinbarung-zur-foerderung-von-hochschul-ausbildungs-und-forschungsprojekten\/"},"modified":"2025-04-14T10:06:05","modified_gmt":"2025-04-14T10:06:05","slug":"puerto-del-rosario-und-die-ulpgc-unterzeichnen-eine-rahmenvereinbarung-zur-foerderung-von-hochschul-ausbildungs-und-forschungsprojekten","status":"publish","type":"post","link":"https:\/\/informacionlocal.es\/de\/puerto-del-rosario-und-die-ulpgc-unterzeichnen-eine-rahmenvereinbarung-zur-foerderung-von-hochschul-ausbildungs-und-forschungsprojekten\/","title":{"rendered":"Puerto del Rosario und die ULPGC unterzeichnen eine Rahmenvereinbarung zur F\u00f6rderung von Hochschul-, Ausbildungs- und Forschungsprojekten."},"content":{"rendered":"<div class=\"entry-content\">\n<p>Die Stadtverwaltung von Puerto del Rosario und die Universit\u00e4t von Las Palmas de Gran Canaria (ULPGC) haben am Mittwoch, den 9. April, eine <strong>Rahmenvereinbarung zur Zusammenarbeit<\/strong> unterzeichnet, die einen Rahmen f\u00fcr die institutionelle Kooperation zur Entwicklung gemeinsamer Projekte in den Bereichen Wissenschaft, Forschung und Ausbildung schafft. Die Unterzeichnung fand im Rahmen einer Zeremonie in der Gemeinde in Anwesenheit von Vertretern der beiden Institutionen statt. <\/p>\n<p>Die Vereinbarung sieht die F\u00f6rderung von Kooperationsprogrammen, die gemeinsame Nutzung von Ressourcen und die Umsetzung von Initiativen vor, die auf Wissen, Innovation und die Verbesserung der Dienstleistungen f\u00fcr die B\u00fcrger abzielen. Es handelt sich um eine strategische Allianz, die darauf abzielt, ein solideres Bildungs- und Ausbildungsumfeld in der Stadtverwaltung der Hauptstadt zu schaffen. <\/p>\n<p>W\u00e4hrend der Zeremonie hob der B\u00fcrgermeister von Puerto del Rosario, <strong>David de Vera<\/strong>, die Bedeutung der Vereinbarung als Ausgangspunkt f\u00fcr eine dauerhafte institutionelle Beziehung hervor: <em>&#8222;Wir arbeiten schon seit einiger Zeit mit der ULPGC zusammen und diese Vereinbarung ist nur der Beginn einer langen Geschichte der Zusammenarbeit. Sie ist ein grundlegendes Instrument nicht nur im akademischen und im Forschungsbereich, sondern auch f\u00fcr das Engagement der lokalen Verwaltung, die Ausbildung und das Wohlergehen unserer Nachbarn zu verbessern&#8220;.<\/em><\/p>\n<p>Der Rektor der ULPGC, <strong>Luis Serra<\/strong>, betonte seinerseits den Willen der Universit\u00e4t, sich aktiv an der Entwicklung Fuerteventuras zu beteiligen:<em>&#8222;Wir sind hier mit einer sehr gro\u00dfen Vertretung des Kuratoriums, und dies spiegelt das Engagement der Universit\u00e4t f\u00fcr die Insel wider. Mit der Hilfe aller Verwaltungen, einschlie\u00dflich des Stadtrats von Puerto del Puerto del Sol, sind wir hier mit einer sehr gro\u00dfen Vertretung des Kuratoriums vertreten.   <\/em><em>In Rosario k\u00f6nnen wir konkrete Projekte wie die bereits angelaufenen Mikrodiplome und Forschungsma\u00dfnahmen vorantreiben.<\/em><\/p>\n<p>Der Stadtrat f\u00fcr Bildung, <strong>Juan Manuel Verdugo<\/strong>, \u00e4u\u00dferte sich ebenfalls zufrieden \u00fcber diese neue Phase der Zusammenarbeit: <em>&#8222;Es ist eine gro\u00dfe Genugtuung f\u00fcr mich, diese Verbindung mit der Universit\u00e4t von Las Palmas herzustellen. Diese Vereinbarung wird ein Grundpfeiler f\u00fcr die Intensivierung der Beziehungen zwischen beiden Institutionen sein. Wir setzen uns f\u00fcr Wissen als treibende Kraft f\u00fcr die Zukunft unserer jungen Menschen ein. Obwohl wir eine kleinere Insel sind, streben wir danach, durch Kultur und Bildung zu wachsen&#8220;.<\/em><\/p>\n<p>Mit dieser Vereinbarung bekr\u00e4ftigt die Stadtverwaltung von Puerto del Rosario ihr Engagement f\u00fcr die Bildung, die institutionelle Zusammenarbeit und die F\u00f6rderung von M\u00f6glichkeiten zur pers\u00f6nlichen und beruflichen Entwicklung ihrer B\u00fcrger.<\/p>\n<\/div>\n","protected":false},"excerpt":{"rendered":"<p>Die Stadtverwaltung von Puerto del Rosario und die Universit\u00e4t von Las Palmas de Gran Canaria (ULPGC) haben am Mittwoch, den 9. April, eine Rahmenvereinbarung zur Zusammenarbeit unterzeichnet, die einen Rahmen [&hellip;]<\/p>\n","protected":false},"author":1,"featured_media":540,"comment_status":"open","ping_status":"open","sticky":false,"template":"","format":"standard","meta":{"inline_featured_image":false,"jnews-multi-image_gallery":[],"jnews_single_post":[],"jnews_primary_category":[],"jnews_social_meta":[],"jnews_override_counter":[],"jnews_post_split":[],"footnotes":""},"categories":[293],"tags":[215,214,216,196,213],"class_list":["post-981","post","type-post","status-publish","format-standard","has-post-thumbnail","hentry","category-puerto-del-rosario-de","tag-beschaftigung-und-ausbildung","tag-bildung","tag-fuerteventura-de","tag-gemeinden","tag-integration-de"],"jetpack_featured_media_url":"https:\/\/informacionlocal.es\/wp-content\/uploads\/2025\/04\/ulpgc-22-convenio-grupo-0425.jpg","_links":{"self":[{"href":"https:\/\/informacionlocal.es\/de\/wp-json\/wp\/v2\/posts\/981","targetHints":{"allow":["GET"]}}],"collection":[{"href":"https:\/\/informacionlocal.es\/de\/wp-json\/wp\/v2\/posts"}],"about":[{"href":"https:\/\/informacionlocal.es\/de\/wp-json\/wp\/v2\/types\/post"}],"author":[{"embeddable":true,"href":"https:\/\/informacionlocal.es\/de\/wp-json\/wp\/v2\/users\/1"}],"replies":[{"embeddable":true,"href":"https:\/\/informacionlocal.es\/de\/wp-json\/wp\/v2\/comments?post=981"}],"version-history":[{"count":1,"href":"https:\/\/informacionlocal.es\/de\/wp-json\/wp\/v2\/posts\/981\/revisions"}],"predecessor-version":[{"id":1736,"href":"https:\/\/informacionlocal.es\/de\/wp-json\/wp\/v2\/posts\/981\/revisions\/1736"}],"wp:featuredmedia":[{"embeddable":true,"href":"https:\/\/informacionlocal.es\/de\/wp-json\/wp\/v2\/media\/540"}],"wp:attachment":[{"href":"https:\/\/informacionlocal.es\/de\/wp-json\/wp\/v2\/media?parent=981"}],"wp:term":[{"taxonomy":"category","embeddable":true,"href":"https:\/\/informacionlocal.es\/de\/wp-json\/wp\/v2\/categories?post=981"},{"taxonomy":"post_tag","embeddable":true,"href":"https:\/\/informacionlocal.es\/de\/wp-json\/wp\/v2\/tags?post=981"}],"curies":[{"name":"wp","href":"https:\/\/api.w.org\/{rel}","templated":true}]}}