{"id":9770,"date":"2025-08-23T19:28:33","date_gmt":"2025-08-23T18:28:33","guid":{"rendered":"https:\/\/informacionlocal.es\/antigua-lamenta-el-fallecimiento-de-d-angel-jove-presidente-del-grupo-empresarial-anjoca\/"},"modified":"2025-08-23T19:28:33","modified_gmt":"2025-08-23T18:28:33","slug":"antigua-lamenta-el-fallecimiento-de-d-angel-jove-presidente-del-grupo-empresarial-anjoca","status":"publish","type":"post","link":"https:\/\/informacionlocal.es\/de\/antigua-lamenta-el-fallecimiento-de-d-angel-jove-presidente-del-grupo-empresarial-anjoca\/","title":{"rendered":"Antigua lamenta el fallecimiento de D. \u00c1ngel Jove presidente del grupo empresarial Anjoca"},"content":{"rendered":"<div class=\"elementor-widget-container\">\n<p><strong>Antigua lamenta el fallecimiento de D. \u00c1ngel Jove presidente del grupo empresarial Anjoca<\/strong><\/p>\n<p><strong>\u2022 El Ayuntamiento de Antigua lamenta el fallecimiento este s\u00e1bado de D. \u00c1ngel Jove Capell\u00e1n, presidente del grupo empresarial Anjoca y uno de los primeros inversores promotores del desarrollo tur\u00edstico de Caleta de Fuste. El alcalde de Antigua, Mat\u00edas Pe\u00f1a Garc\u00eda, en representaci\u00f3n, traslada su m\u00e1s sentido p\u00e9same a su familiares y amigos. <\/strong><\/p>\n<p>Su huella queda impresa en Caleta de Fuste desde la cadena de hoteles Elba, campo de golf, complejos tur\u00edsticos, el centro comercial Atl\u00e1ntico, invirtiendo siempre en renovaci\u00f3n y futuro, con la consecuente creaci\u00f3n de empleo, promoci\u00f3n y dinamizaci\u00f3n de la econom\u00eda en el Municipio de Antigua.<\/p>\n<p>D. \u00c1ngel Jove siempre se mostr\u00f3 cercano y colaborador con propuestas para mejorar la localidad y promocionar el municipio, afirma el alcalde, Mat\u00edas Pe\u00f1a, se encontraba c\u00f3modo en Caleta de Fuste y me consta que segu\u00eda pensando en nuevos proyectos de inversi\u00f3n.<\/p>\n<p>Nos deja en el \u00e1mbito empresarial un visionario y en lo personal, un amigo de la isla, siempre con ideas que aportar y much\u00edsimas an\u00e9cdotas que contar de su larga y exitosa trayectoria, a\u00f1ade el alcalde, trasladar nuestro p\u00e9same y consternaci\u00f3n desde Antigua a toda su familia, amistades y por extensi\u00f3n al amplio equipo que form\u00f3.<\/p>\n<\/div>\n","protected":false},"excerpt":{"rendered":"<p><strong>Antigua lamenta el fallecimiento de D. \u00c1ngel Jove presidente del grupo empresarial Anjoca<\/strong><\/p>\n","protected":false},"author":1,"featured_media":9772,"comment_status":"open","ping_status":"open","sticky":false,"template":"","format":"standard","meta":{"inline_featured_image":false,"jnews-multi-image_gallery":[],"jnews_single_post":[],"jnews_primary_category":[],"jnews_social_meta":[],"jnews_override_counter":[],"jnews_post_split":[],"footnotes":""},"categories":[59],"tags":[],"class_list":["post-9770","post","type-post","status-publish","format-standard","has-post-thumbnail","hentry","category-antigua"],"jetpack_featured_media_url":"https:\/\/informacionlocal.es\/wp-content\/uploads\/2025\/08\/uno-de-los-ultimos-encuentros-entre-angel-jove-y-matias-pena-scaled-1.jpg","_links":{"self":[{"href":"https:\/\/informacionlocal.es\/de\/wp-json\/wp\/v2\/posts\/9770","targetHints":{"allow":["GET"]}}],"collection":[{"href":"https:\/\/informacionlocal.es\/de\/wp-json\/wp\/v2\/posts"}],"about":[{"href":"https:\/\/informacionlocal.es\/de\/wp-json\/wp\/v2\/types\/post"}],"author":[{"embeddable":true,"href":"https:\/\/informacionlocal.es\/de\/wp-json\/wp\/v2\/users\/1"}],"replies":[{"embeddable":true,"href":"https:\/\/informacionlocal.es\/de\/wp-json\/wp\/v2\/comments?post=9770"}],"version-history":[{"count":0,"href":"https:\/\/informacionlocal.es\/de\/wp-json\/wp\/v2\/posts\/9770\/revisions"}],"wp:featuredmedia":[{"embeddable":true,"href":"https:\/\/informacionlocal.es\/de\/wp-json\/wp\/v2\/media\/9772"}],"wp:attachment":[{"href":"https:\/\/informacionlocal.es\/de\/wp-json\/wp\/v2\/media?parent=9770"}],"wp:term":[{"taxonomy":"category","embeddable":true,"href":"https:\/\/informacionlocal.es\/de\/wp-json\/wp\/v2\/categories?post=9770"},{"taxonomy":"post_tag","embeddable":true,"href":"https:\/\/informacionlocal.es\/de\/wp-json\/wp\/v2\/tags?post=9770"}],"curies":[{"name":"wp","href":"https:\/\/api.w.org\/{rel}","templated":true}]}}