{"id":9758,"date":"2025-08-22T15:58:34","date_gmt":"2025-08-22T14:58:34","guid":{"rendered":"https:\/\/informacionlocal.es\/tuineje-acogera-la-primera-edicion-de-agrofuer-el-5-y-6-de-septiembre\/"},"modified":"2025-08-22T15:58:34","modified_gmt":"2025-08-22T14:58:34","slug":"tuineje-acogera-la-primera-edicion-de-agrofuer-el-5-y-6-de-septiembre","status":"publish","type":"post","link":"https:\/\/informacionlocal.es\/de\/tuineje-acogera-la-primera-edicion-de-agrofuer-el-5-y-6-de-septiembre\/","title":{"rendered":"Tuineje acoger\u00e1 la primera edici\u00f3n de Agrofuer el 5 y 6 de septiembre"},"content":{"rendered":"<div class=\"entry-content\"><strong>22 agosto, 2025<\/strong><\/p>\n<p><strong><em>La localidad sure\u00f1a ser\u00e1 el marco de referencia del mundo<br \/>\ngastron\u00f3mico y del producto de cercan\u00eda majorero <\/em><\/strong><\/p>\n<p>El n\u00facleo hist\u00f3rico de la localidad sure\u00f1a de Tuineje ser\u00e1 el<br \/>\nmarco donde se celebrar\u00e1 Agrofuer, una iniciativa que pretende impulsar la<br \/>\neconom\u00eda de las zonas de interior mediante la promoci\u00f3n del producto local, los<br \/>\noficios tradicionales y la cultura de las zonas de interior de la isla.<\/p>\n<p>La propuesta, que pretende dinamizar econ\u00f3micamente este entorno<br \/>\nm\u00e1s rural alejado de las rutias tur\u00edsticas, se enmarca dentro del programa<br \/>\n\u2018Fuerte por Naturaleza\u2019, impulsado por la Consejer\u00eda de Turismo y financiado<br \/>\npor los fondos europeos Next Generation EU.<\/p>\n<p>Este proyecto dinamizador lo realizan el Cabildo de Fuerteventura<br \/>\ny la C\u00e1mara de Comercio de la isla, que el pasado 6 de agosto firmaban un<br \/>\nconvenio bajo la m\u00e1xima de vincular el crecimiento del sector tur\u00edstico con el<br \/>\ndesarrollo de las comunidades rurales.<\/p>\n<p>M\u00fasica, gastronom\u00eda, producto de cercan\u00eda, cultura, ser\u00e1n los<br \/>\nreferentes en el marco de esta primera edici\u00f3n de Agrofuer, donde el mejor<br \/>\nproducto isle\u00f1o y los mejores chefs de la isla se unir\u00e1n a la m\u00fasica y la importante<br \/>\noferta cultural de Tuineje.<\/p>\n<p>Adem\u00e1s, la artesan\u00eda de Fuerteventura ser\u00e1 protagonista durante<br \/>\nlos dos d\u00edas de Agrofuer, contando con los mejores exponentes del sector en<br \/>\ndiferentes espacios de la feria. As\u00ed mismo, el evento se enriquecer\u00e1 con la<br \/>\ncelebraci\u00f3n de dos talleres de artesan\u00eda tradicional, que ser\u00e1n impartidos<br \/>\npor\u00a0artesanos majoreros.<\/p>\n<p>Un encuentro para disfrutar tanto residentes como visitantes de la<br \/>\nidiosincrasia isle\u00f1a poniendo en valor los productos de nuestra tierra<br \/>\ny\u00a0el trabajo incansable de todos aquellos que, desde la humildad, han<br \/>\nlogrado que la aridez florezca y que nuestro paisaje se convierta en cultura y<br \/>\nsabor.<\/p>\n<\/div>\n","protected":false},"excerpt":{"rendered":"<p>22 agosto, 2025 La localidad sure\u00f1a ser\u00e1 el marco de referencia del mundo gastron\u00f3mico y del producto de cercan\u00eda majorero El n\u00facleo hist\u00f3rico de la localidad sure\u00f1a de Tuineje ser\u00e1 [&hellip;]<\/p>\n","protected":false},"author":1,"featured_media":9760,"comment_status":"open","ping_status":"open","sticky":false,"template":"","format":"standard","meta":{"inline_featured_image":false,"jnews-multi-image_gallery":[],"jnews_single_post":[],"jnews_primary_category":[],"jnews_social_meta":[],"jnews_override_counter":[],"jnews_post_split":[],"footnotes":""},"categories":[58],"tags":[82],"class_list":["post-9758","post","type-post","status-publish","format-standard","has-post-thumbnail","hentry","category-cabildo","tag-fuerteventura"],"jetpack_featured_media_url":"https:\/\/informacionlocal.es\/wp-content\/uploads\/2025\/08\/1755860311-969b7d2101a7b6a5fcede3bda5b88a2f.jpg","_links":{"self":[{"href":"https:\/\/informacionlocal.es\/de\/wp-json\/wp\/v2\/posts\/9758","targetHints":{"allow":["GET"]}}],"collection":[{"href":"https:\/\/informacionlocal.es\/de\/wp-json\/wp\/v2\/posts"}],"about":[{"href":"https:\/\/informacionlocal.es\/de\/wp-json\/wp\/v2\/types\/post"}],"author":[{"embeddable":true,"href":"https:\/\/informacionlocal.es\/de\/wp-json\/wp\/v2\/users\/1"}],"replies":[{"embeddable":true,"href":"https:\/\/informacionlocal.es\/de\/wp-json\/wp\/v2\/comments?post=9758"}],"version-history":[{"count":0,"href":"https:\/\/informacionlocal.es\/de\/wp-json\/wp\/v2\/posts\/9758\/revisions"}],"wp:featuredmedia":[{"embeddable":true,"href":"https:\/\/informacionlocal.es\/de\/wp-json\/wp\/v2\/media\/9760"}],"wp:attachment":[{"href":"https:\/\/informacionlocal.es\/de\/wp-json\/wp\/v2\/media?parent=9758"}],"wp:term":[{"taxonomy":"category","embeddable":true,"href":"https:\/\/informacionlocal.es\/de\/wp-json\/wp\/v2\/categories?post=9758"},{"taxonomy":"post_tag","embeddable":true,"href":"https:\/\/informacionlocal.es\/de\/wp-json\/wp\/v2\/tags?post=9758"}],"curies":[{"name":"wp","href":"https:\/\/api.w.org\/{rel}","templated":true}]}}