{"id":9752,"date":"2025-08-22T14:58:51","date_gmt":"2025-08-22T13:58:51","guid":{"rendered":"https:\/\/informacionlocal.es\/las-pocetas-en-pie-para-aplaudir-el-magnifico-pregon-de-dna-auxiliadora-cabrera-mendez\/"},"modified":"2025-08-22T14:58:51","modified_gmt":"2025-08-22T13:58:51","slug":"las-pocetas-en-pie-para-aplaudir-el-magnifico-pregon-de-dna-auxiliadora-cabrera-mendez","status":"publish","type":"post","link":"https:\/\/informacionlocal.es\/de\/las-pocetas-en-pie-para-aplaudir-el-magnifico-pregon-de-dna-auxiliadora-cabrera-mendez\/","title":{"rendered":"Las Pocetas en pie para aplaudir el magn\u00edfico Preg\u00f3n de D\u00f1a. Auxiliadora Cabrera M\u00e9ndez"},"content":{"rendered":"<div class=\"elementor-widget-container\">\n<p><strong>Las Pocetas en pie para aplaudir el magn\u00edfico Preg\u00f3n de D\u00f1a. Auxiliadora Cabrera M\u00e9ndez<\/strong><\/p>\n<p><strong>\u2022 Magn\u00edfico preg\u00f3n de inicio, recorriendo una historia familiar que es tambi\u00e9n, una historia de Las Pocetas, de su gente y de sus Fiestas en Honor a San Francisco Javier.<\/strong><br \/><strong>\u2022 Este viernes por la noche Scala en HiFI, actuaci\u00f3n de Siroko y la solista Flor. <\/strong><br \/><strong>\u2022 S\u00e1bado de Romer\u00eda por la tarde y Verbena por la noche con Gente Nueva y N-Klave.<\/strong><br \/><strong>\u2022 Domingo dedicado a los peques con Fiesta Infantil con colchonetas y ca\u00f1\u00f3n de espuma. <\/strong><br \/><strong>\u2022 Las parrandas Monte Janana y el Centro de Mayores de Antigua acompa\u00f1aran a San Francisco Javier en la Procesi\u00f3n ofrecida el mi\u00e9rcoles 27 de agosto desde las 20:00 horas.<\/strong><\/p>\n<p>En una noche de verano sin viento, fr\u00edo o calor, en un ambiente acogedor y muy familiar, sobre un escenario decorado de gala, Do\u00f1a Auxiliadora Cabrera M\u00e9ndez repaso la historia de su familia, sus v\u00ednculos con Las Pocetas, con la Fiestas y con San Francisco Javier. Un recorrido documentado, fechado, con los nombres y apellidos de tantos y tan importantes, un relato de su historia y de Las Pocetas, que hizo ponerse en pie a los asistentes para aplaudir merecidamente a la protagonista, que recibi\u00f3 flores y una placa de recuerdo de manos del alcalde, Mat\u00edas Pe\u00f1a Garc\u00eda y el concejal de Festejos, Pedro M. Armas Mart\u00edn.<\/p>\n<p>Tras el Preg\u00f3n nadie quer\u00eda desaprovechar el ambiente ni el momento, en el que se saboreaba la paella y la garbanzada, para tras cenar bailar con la voz y ritmos de Laly Lean en el escenario.<\/p>\n<p>Las Fiestas de Las Pocetas en Honor a San Francisco Javier no pretenden ser ostentosas pero con una Comisi\u00f3n de Fiestas implicada y la concejal\u00eda de Festejos, la diversi\u00f3n, el entretenimiento y la m\u00fasica est\u00e1n garantizados, afirmas el alcalde Mat\u00edas Pe\u00f1a.<\/p>\n<p>El concejal de Festejos, recuerda que este s\u00e1bado se celebra la Romer\u00eda en Honor a San Francisco Javier con salida a las 18:00 hora, siendo recibidos por la parranda la Serena junto a la iglesia de Las Pocetas.<\/p>\n<\/div>\n","protected":false},"excerpt":{"rendered":"<p><strong>Las Pocetas en pie para aplaudir el magn\u00edfico Preg\u00f3n de D\u00f1a. Auxiliadora Cabrera M\u00e9ndez<\/strong><\/p>\n","protected":false},"author":1,"featured_media":9754,"comment_status":"open","ping_status":"open","sticky":false,"template":"","format":"standard","meta":{"inline_featured_image":false,"jnews-multi-image_gallery":[],"jnews_single_post":[],"jnews_primary_category":[],"jnews_social_meta":[],"jnews_override_counter":[],"jnews_post_split":[],"footnotes":""},"categories":[59],"tags":[],"class_list":["post-9752","post","type-post","status-publish","format-standard","has-post-thumbnail","hentry","category-antigua"],"jetpack_featured_media_url":"https:\/\/informacionlocal.es\/wp-content\/uploads\/2025\/08\/cartel-romeria-las-pocetas-jpg.png","_links":{"self":[{"href":"https:\/\/informacionlocal.es\/de\/wp-json\/wp\/v2\/posts\/9752","targetHints":{"allow":["GET"]}}],"collection":[{"href":"https:\/\/informacionlocal.es\/de\/wp-json\/wp\/v2\/posts"}],"about":[{"href":"https:\/\/informacionlocal.es\/de\/wp-json\/wp\/v2\/types\/post"}],"author":[{"embeddable":true,"href":"https:\/\/informacionlocal.es\/de\/wp-json\/wp\/v2\/users\/1"}],"replies":[{"embeddable":true,"href":"https:\/\/informacionlocal.es\/de\/wp-json\/wp\/v2\/comments?post=9752"}],"version-history":[{"count":0,"href":"https:\/\/informacionlocal.es\/de\/wp-json\/wp\/v2\/posts\/9752\/revisions"}],"wp:featuredmedia":[{"embeddable":true,"href":"https:\/\/informacionlocal.es\/de\/wp-json\/wp\/v2\/media\/9754"}],"wp:attachment":[{"href":"https:\/\/informacionlocal.es\/de\/wp-json\/wp\/v2\/media?parent=9752"}],"wp:term":[{"taxonomy":"category","embeddable":true,"href":"https:\/\/informacionlocal.es\/de\/wp-json\/wp\/v2\/categories?post=9752"},{"taxonomy":"post_tag","embeddable":true,"href":"https:\/\/informacionlocal.es\/de\/wp-json\/wp\/v2\/tags?post=9752"}],"curies":[{"name":"wp","href":"https:\/\/api.w.org\/{rel}","templated":true}]}}