{"id":9740,"date":"2025-08-22T10:59:08","date_gmt":"2025-08-22T09:59:08","guid":{"rendered":"https:\/\/informacionlocal.es\/la-oliva-actua-de-forma-inmediata-en-medidas-de-proteccion-ante-el-incendio-de-la-ermita-de-puerto-escondido\/"},"modified":"2025-08-22T10:59:08","modified_gmt":"2025-08-22T09:59:08","slug":"la-oliva-actua-de-forma-inmediata-en-medidas-de-proteccion-ante-el-incendio-de-la-ermita-de-puerto-escondido","status":"publish","type":"post","link":"https:\/\/informacionlocal.es\/de\/la-oliva-actua-de-forma-inmediata-en-medidas-de-proteccion-ante-el-incendio-de-la-ermita-de-puerto-escondido\/","title":{"rendered":"La Oliva act\u00faa de forma inmediata en medidas de protecci\u00f3n ante el incendio de la ermita de Puerto Escondido"},"content":{"rendered":"<p>Tras la alerta de incendio en la ermita de Puerto Escondido el pasado mi\u00e9rcoles, 13 de agosto, el Ayuntamiento de La Oliva, a trav\u00e9s de la Concejal\u00eda de Patrimonio Hist\u00f3rico, con David Hern\u00e1ndez al frente comenz\u00f3 de inmediato con las medidas de urgencia en protecci\u00f3n de este Bien de Inter\u00e9s Cultural. As\u00ed pues, una vez la Polic\u00eda Local y Bomberos se encargaron de extinguir el incendio, se procedi\u00f3 a solicitar el informe declara los da\u00f1os causados, avalando as\u00ed la actuaci\u00f3n de urgencia que permita proteger la edificaci\u00f3n. La canter\u00eda decorada y el dintel fueron las zonas m\u00e1s afectadas del inmueble, donde las llamas alcanzaron, a su vez, una peque\u00f1a parte del artesonado de la cubierta.  <\/p>\n<p>En este sentido, y con la voluntad de evitar que agentes externos como la lluvia y el viento da\u00f1en a\u00fan m\u00e1s la estructura del BIC, se solicita un informe a la Consejer\u00eda de Patrimonio Hist\u00f3rico del Cabildo Insular de Fuerteventura que declara la necesidad de tomar las medidas necesarias que impidan el deterioro de la ermita. Para ello, se cont\u00f3 con el apoyo de la restauradora de Bienes Culturales, Cristina Ojeda para la colocaci\u00f3n de l\u00e1minas de protecci\u00f3n en las zonas de la estructura que puedan verse afectadas, en mayor medida, ante los incidentes meteorol\u00f3gicos tras el incendio y conservar as\u00ed sus elementos originales. <\/p>\n<p>El alcalde de La Oliva, Isa\u00ed Blanco, destaca la voluntad de seguir tomando las medidas necesarias para conservar cada uno de los elementos del Patrimonio Hist\u00f3rico del municipio: \u201cLa r\u00e1pida actuaci\u00f3n ante el incidente que se produjo la semana pasada en la ermita de Puerto Escondido manifiesta, de forma clara, nuestra voluntad desde el gobierno local por preservar los inmuebles del municipio, unos elementos fundamentales en nuestra historia que mantienen viva la tradici\u00f3n y cultura del pueblo majorero.\u201d <\/p>\n<p>Por su parte, el concejal de Patrimonio Hist\u00f3rico, David Hern\u00e1ndez, manifiesta: \u201cYa estamos trabajando en coordinaci\u00f3n con la Polic\u00eda Local para la instalaci\u00f3n de c\u00e1maras de vigilancia en la zona, a la vez que se pone en revisi\u00f3n el proyecto de rehabilitaci\u00f3n de esta edificaci\u00f3n, con el fin de continuar con la protecci\u00f3n del patrimonio en La Oliva.\u201d<\/p>\n<p>El Consistorio ya ha puesto en marcha la solicitud que permita poner en marcha el proceso integral de restauraci\u00f3n de la ermita con el fin de que se ejecute con la mayor diligencia y rapidez posible.<\/p>\n","protected":false},"excerpt":{"rendered":"<p><span>El Consistorio ya trabaja en la revisi\u00f3n del proyecto de rehabilitaci\u00f3n y el refuerzo de la seguridad en la zona<\/span><\/p>\n","protected":false},"author":1,"featured_media":9742,"comment_status":"open","ping_status":"open","sticky":false,"template":"","format":"standard","meta":{"inline_featured_image":false,"jnews-multi-image_gallery":[],"jnews_single_post":[],"jnews_primary_category":[],"jnews_social_meta":[],"jnews_override_counter":[],"jnews_post_split":[],"footnotes":""},"categories":[62],"tags":[82],"class_list":["post-9740","post","type-post","status-publish","format-standard","has-post-thumbnail","hentry","category-la-oliva","tag-fuerteventura"],"jetpack_featured_media_url":"https:\/\/informacionlocal.es\/wp-content\/uploads\/2025\/08\/5233_55e38d42.png","_links":{"self":[{"href":"https:\/\/informacionlocal.es\/de\/wp-json\/wp\/v2\/posts\/9740","targetHints":{"allow":["GET"]}}],"collection":[{"href":"https:\/\/informacionlocal.es\/de\/wp-json\/wp\/v2\/posts"}],"about":[{"href":"https:\/\/informacionlocal.es\/de\/wp-json\/wp\/v2\/types\/post"}],"author":[{"embeddable":true,"href":"https:\/\/informacionlocal.es\/de\/wp-json\/wp\/v2\/users\/1"}],"replies":[{"embeddable":true,"href":"https:\/\/informacionlocal.es\/de\/wp-json\/wp\/v2\/comments?post=9740"}],"version-history":[{"count":0,"href":"https:\/\/informacionlocal.es\/de\/wp-json\/wp\/v2\/posts\/9740\/revisions"}],"wp:featuredmedia":[{"embeddable":true,"href":"https:\/\/informacionlocal.es\/de\/wp-json\/wp\/v2\/media\/9742"}],"wp:attachment":[{"href":"https:\/\/informacionlocal.es\/de\/wp-json\/wp\/v2\/media?parent=9740"}],"wp:term":[{"taxonomy":"category","embeddable":true,"href":"https:\/\/informacionlocal.es\/de\/wp-json\/wp\/v2\/categories?post=9740"},{"taxonomy":"post_tag","embeddable":true,"href":"https:\/\/informacionlocal.es\/de\/wp-json\/wp\/v2\/tags?post=9740"}],"curies":[{"name":"wp","href":"https:\/\/api.w.org\/{rel}","templated":true}]}}