{"id":9708,"date":"2025-08-21T15:58:25","date_gmt":"2025-08-21T14:58:25","guid":{"rendered":"https:\/\/informacionlocal.es\/rifa-solidaria-juntos-sanamos-iniciativa-entre-la-asociacion-de-empresarios-de-puerto-del-rosario-y-asomasamen\/"},"modified":"2025-08-21T15:58:25","modified_gmt":"2025-08-21T14:58:25","slug":"rifa-solidaria-juntos-sanamos-iniciativa-entre-la-asociacion-de-empresarios-de-puerto-del-rosario-y-asomasamen","status":"publish","type":"post","link":"https:\/\/informacionlocal.es\/de\/rifa-solidaria-juntos-sanamos-iniciativa-entre-la-asociacion-de-empresarios-de-puerto-del-rosario-y-asomasamen\/","title":{"rendered":"Rifa solidaria \u201cJuntos Sanamos\u201d, iniciativa entre la Asociaci\u00f3n de Empresarios de Puerto del Rosario y Asomasamen"},"content":{"rendered":"<div class=\"entry-content\">\n<div class=\"xdj266r x14z9mp xat24cr x1lziwak x1vvkbs x126k92a\">\n<div dir=\"auto\"><span class=\"html-span xexx8yu xyri2b x18d9i69 x1c1uobl x1hl2dhg x16tdsg8 x1vvkbs x3nfvp2 x1j61x8r x1fcty0u xdj266r xat24cr xm2jcoa x1mpyi22 xxymvpz xlup9mm x1kky2od\"><img loading=\"lazy\" decoding=\"async\" loading=\"lazy\" class=\"xz74otr x15mokao x1ga7v0g x16uus16 xbiv7yw\" src=\"https:\/\/informacionlocal.es\/wp-content\/uploads\/2025\/08\/1f6cd.png\" alt=\"\ud83d\udecd\" width=\"16\" height=\"16\" title=\"1f6cd\"><\/span><span class=\"html-span xexx8yu xyri2b x18d9i69 x1c1uobl x1hl2dhg x16tdsg8 x1vvkbs x3nfvp2 x1j61x8r x1fcty0u xdj266r xat24cr xm2jcoa x1mpyi22 xxymvpz xlup9mm x1kky2od\"><img loading=\"lazy\" decoding=\"async\" loading=\"lazy\" class=\"xz74otr x15mokao x1ga7v0g x16uus16 xbiv7yw\" src=\"https:\/\/informacionlocal.es\/wp-content\/uploads\/2025\/08\/1f6cd.png\" alt=\"\ud83d\udecd\" width=\"16\" height=\"16\" title=\"1f6cd\"><\/span> Rifa solidaria \u201cJuntos Sanamos\u201d, una iniciativa entre la Asociaci\u00f3n Empresarios Puerto del Rosario y Asomasamen, la Asociaci\u00f3n Majorera por la Salud Mental. El objetivo es sensibilizar a la poblaci\u00f3n sobre la importancia de cuidar el bienestar emocional y psicol\u00f3gico y, al mismo tiempo, fortalecer el tejido comercial local a trav\u00e9s de una acci\u00f3n solidaria.<\/div>\n<\/div>\n<div class=\"x14z9mp xat24cr x1lziwak x1vvkbs xtlvy1s x126k92a\">\n<div dir=\"auto\"><span class=\"html-span xexx8yu xyri2b x18d9i69 x1c1uobl x1hl2dhg x16tdsg8 x1vvkbs x3nfvp2 x1j61x8r x1fcty0u xdj266r xat24cr xm2jcoa x1mpyi22 xxymvpz xlup9mm x1kky2od\"><img loading=\"lazy\" decoding=\"async\" loading=\"lazy\" class=\"xz74otr x15mokao x1ga7v0g x16uus16 xbiv7yw\" src=\"https:\/\/informacionlocal.es\/wp-content\/uploads\/2025\/08\/1f381.png\" alt=\"\ud83c\udf81\" width=\"16\" height=\"16\" title=\"1f381\"><\/span><span class=\"html-span xexx8yu xyri2b x18d9i69 x1c1uobl x1hl2dhg x16tdsg8 x1vvkbs x3nfvp2 x1j61x8r x1fcty0u xdj266r xat24cr xm2jcoa x1mpyi22 xxymvpz xlup9mm x1kky2od\"><img loading=\"lazy\" decoding=\"async\" loading=\"lazy\" class=\"xz74otr x15mokao x1ga7v0g x16uus16 xbiv7yw\" src=\"https:\/\/informacionlocal.es\/wp-content\/uploads\/2025\/08\/1f381.png\" alt=\"\ud83c\udf81\" width=\"16\" height=\"16\" title=\"1f381\"><\/span> Cada boleto tiene un precio simb\u00f3lico de 1 euro, y los participantes podr\u00e1n optar a atractivos premios: uno de los cinco cheques regalo de 250 euros o uno de los seis lotes valorados en m\u00e1s de 170 euros. Los boletos estar\u00e1n disponibles desde el 20 de agosto, hasta el 30 de octubre. El sorteo se celebrar\u00e1 el 4 de noviembre de 2025.<\/div>\n<\/div>\n<\/div>\n","protected":false},"excerpt":{"rendered":"<p>Rifa solidaria \u201cJuntos Sanamos\u201d, una iniciativa entre la Asociaci\u00f3n Empresarios Puerto del Rosario y Asomasamen, la Asociaci\u00f3n Majorera por la Salud Mental. El objetivo es sensibilizar a la poblaci\u00f3n sobre [&hellip;]<\/p>\n","protected":false},"author":1,"featured_media":9710,"comment_status":"open","ping_status":"open","sticky":false,"template":"","format":"standard","meta":{"inline_featured_image":false,"jnews-multi-image_gallery":[],"jnews_single_post":[],"jnews_primary_category":[],"jnews_social_meta":[],"jnews_override_counter":[],"jnews_post_split":[],"footnotes":""},"categories":[61],"tags":[],"class_list":["post-9708","post","type-post","status-publish","format-standard","has-post-thumbnail","hentry","category-puerto-del-rosario"],"jetpack_featured_media_url":"https:\/\/informacionlocal.es\/wp-content\/uploads\/2025\/08\/asomasamen-titu-dona-pr-1.jpg","_links":{"self":[{"href":"https:\/\/informacionlocal.es\/de\/wp-json\/wp\/v2\/posts\/9708","targetHints":{"allow":["GET"]}}],"collection":[{"href":"https:\/\/informacionlocal.es\/de\/wp-json\/wp\/v2\/posts"}],"about":[{"href":"https:\/\/informacionlocal.es\/de\/wp-json\/wp\/v2\/types\/post"}],"author":[{"embeddable":true,"href":"https:\/\/informacionlocal.es\/de\/wp-json\/wp\/v2\/users\/1"}],"replies":[{"embeddable":true,"href":"https:\/\/informacionlocal.es\/de\/wp-json\/wp\/v2\/comments?post=9708"}],"version-history":[{"count":0,"href":"https:\/\/informacionlocal.es\/de\/wp-json\/wp\/v2\/posts\/9708\/revisions"}],"wp:featuredmedia":[{"embeddable":true,"href":"https:\/\/informacionlocal.es\/de\/wp-json\/wp\/v2\/media\/9710"}],"wp:attachment":[{"href":"https:\/\/informacionlocal.es\/de\/wp-json\/wp\/v2\/media?parent=9708"}],"wp:term":[{"taxonomy":"category","embeddable":true,"href":"https:\/\/informacionlocal.es\/de\/wp-json\/wp\/v2\/categories?post=9708"},{"taxonomy":"post_tag","embeddable":true,"href":"https:\/\/informacionlocal.es\/de\/wp-json\/wp\/v2\/tags?post=9708"}],"curies":[{"name":"wp","href":"https:\/\/api.w.org\/{rel}","templated":true}]}}